{"id":503862,"date":"2017-10-10T11:15:20","date_gmt":"2017-10-10T16:15:20","guid":{"rendered":"https:\/\/www.futboltotal.com.mx\/?p=503862"},"modified":"2017-10-10T11:15:20","modified_gmt":"2017-10-10T16:15:20","slug":"di-maria-entra-en-planes-psg-llegaria-a-china","status":"publish","type":"post","link":"http:\/\/desarrollo.grupomedios.com\/futbol\/futbol-internacional\/di-maria-entra-en-planes-psg-llegaria-a-china\/2017\/10","title":{"rendered":"Di Mar\u00eda no entra en planes de PSG y llegar\u00eda a China"},"content":{"rendered":"<p>El mediocampista argentino, <strong>\u00c1ngel Di Mar\u00eda<\/strong> ya no entrar\u00eda en planes con el <strong>Paris Saint-Germain<\/strong> y se estar\u00edan planteando venderlo al futbol de <strong>China<\/strong> para evitar problemas con el <strong>Fair-Play Financiero<\/strong>, luego de estar a nada de llegar al <strong>Barcelona<\/strong> a en el pasado mercado de fichajes.<\/p>\n<p>De acuerdo al diario<em> Marca<\/em> de Espa\u00f1a y <em>The Sun<\/em> en Inglaterra, el cuadro parisino estar\u00eda trabajando en la venta de Di Mar\u00eda, que tiene 29 a\u00f1os y lleg\u00f3 a Francia en 2015 y ha logrado anotar <strong>29 goles<\/strong> en <strong>96 partidos<\/strong>.<\/p>\n<p style=\"text-align: center;\"><a href=\"https:\/\/www.futboltotal.com.mx\/necesitan-messi-argentina-calificar-a-rusia-2018\/2017\/10\/\" target=\"_blank\" rel=\"noopener\">VER M\u00c1S: \u00bfQu\u00e9 necesita Messi y Argentina para calificar a Rusia 2018?<\/a><\/p>\n<p>El estratega <strong>Unai Emery<\/strong> no tendr\u00eda en los planes a futuro al mediocampista argentino, sobre todo porque tiene planeado traer a otra s\u00faper estrella, que se maneja ser\u00eda <strong>Alexis S\u00e1nchez<\/strong>. Por lo que estar\u00edan analizando una oferta del futbol chino, la cual tendr\u00eda de por medio una fuerte suma de dinero.<\/p>\n<p>Adem\u00e1s, el diario brit\u00e1nico, se\u00f1ala que el &#8216;Fideo&#8217; no ver\u00eda con malos ojos llegar al futbol asi\u00e1tico on un contrato multimillonario, sin embargo, desea llegar a ese punto de su carrera despu\u00e9s del <strong>Mundial de Rusia 2018<\/strong>, claro que est\u00e1, en espera que su combinado se clasifique a la justa mundialista.<\/p>\n<p><iframe loading=\"lazy\" src=\"https:\/\/www.youtube.com\/embed\/ef1T2Yb3rBc?start=20&#038;feature=oembed\" frameborder=\"0\" allowfullscreen><\/iframe><\/p>\n<p style=\"text-align: center;\"><a href=\"https:\/\/www.futboltotal.com.mx\/mundial-sin-messi-ni-cristiano-ronaldo\/2017\/10\/\" target=\"_blank\" rel=\"noopener\">VER M\u00c1S: \u00bfUn Mundial sin Lionel Messi y Cristiano Ronaldo?<\/a><\/p>\n","protected":false},"excerpt":{"rendered":"<p>El argentino no ve con malos ojos llegar al futbol asi\u00e1tico<\/p>\n","protected":false},"author":159,"featured_media":503863,"comment_status":"closed","ping_status":"closed","sticky":false,"template":"","format":"standard","meta":[],"categories":[7740,3839],"tags":[2020,831,1376],"_links":{"self":[{"href":"http:\/\/desarrollo.grupomedios.com\/futbol\/wp-json\/wp\/v2\/posts\/503862"}],"collection":[{"href":"http:\/\/desarrollo.grupomedios.com\/futbol\/wp-json\/wp\/v2\/posts"}],"about":[{"href":"http:\/\/desarrollo.grupomedios.com\/futbol\/wp-json\/wp\/v2\/types\/post"}],"author":[{"embeddable":true,"href":"http:\/\/desarrollo.grupomedios.com\/futbol\/wp-json\/wp\/v2\/users\/159"}],"replies":[{"embeddable":true,"href":"http:\/\/desarrollo.grupomedios.com\/futbol\/wp-json\/wp\/v2\/comments?post=503862"}],"version-history":[{"count":1,"href":"http:\/\/desarrollo.grupomedios.com\/futbol\/wp-json\/wp\/v2\/posts\/503862\/revisions"}],"predecessor-version":[{"id":503864,"href":"http:\/\/desarrollo.grupomedios.com\/futbol\/wp-json\/wp\/v2\/posts\/503862\/revisions\/503864"}],"wp:featuredmedia":[{"embeddable":true,"href":"http:\/\/desarrollo.grupomedios.com\/futbol\/wp-json\/wp\/v2\/media\/503863"}],"wp:attachment":[{"href":"http:\/\/desarrollo.grupomedios.com\/futbol\/wp-json\/wp\/v2\/media?parent=503862"}],"wp:term":[{"taxonomy":"category","embeddable":true,"href":"http:\/\/desarrollo.grupomedios.com\/futbol\/wp-json\/wp\/v2\/categories?post=503862"},{"taxonomy":"post_tag","embeddable":true,"href":"http:\/\/desarrollo.grupomedios.com\/futbol\/wp-json\/wp\/v2\/tags?post=503862"}],"curies":[{"name":"wp","href":"https:\/\/api.w.org\/{rel}","templated":true}]}}