{"id":503865,"date":"2017-10-10T11:36:58","date_gmt":"2017-10-10T16:36:58","guid":{"rendered":"https:\/\/www.futboltotal.com.mx\/?p=503865"},"modified":"2017-10-10T11:37:39","modified_gmt":"2017-10-10T16:37:39","slug":"rayados-disputara-juego-ante-real-madrid-aseguran","status":"publish","type":"post","link":"http:\/\/desarrollo.grupomedios.com\/futbol\/destacado-home\/rayados-disputara-juego-ante-real-madrid-aseguran\/2017\/10","title":{"rendered":"Rayados disputar\u00e1 juego ante Real Madrid, aseguran"},"content":{"rendered":"<p>La edici\u00f3n n\u00famero 39 del\u00a0<strong>Trofeo Santiago Bernab\u00e9u<\/strong>, que se disputar\u00e1 en 2018, contar\u00eda con la presencia de los <strong>Rayados del Monterrey<\/strong>, quienes ser\u00edan el invitados para enfrentarse al <strong>Real Madrid<\/strong>.<\/p>\n<p>De acuerdo al diario mexicano, <em>Milenio<\/em>, los Rayados ser\u00e1n el invitado de lujo para los merengues en la disputa del trofeo en su edici\u00f3n\u00a0<strong>edici\u00f3n XXXIX,<\/strong> pues los presidentes de ambas entidades,\u00a0<strong>Duilio Davino<\/strong> y <strong>Florentino P\u00e9rez<\/strong> ya tuvieron contactos y en cuesti\u00f3n de d\u00edas dar\u00edan a conocer la noticia de manera oficial, luego de enviar la\u00a0solicitud por escrito que pidieron los espa\u00f1oles.<\/p>\n<p><a href=\"https:\/\/www.futboltotal.com.mx\/wp-content\/uploads\/2017\/10\/la-aficion-real-madrid-monterrey.jpg\"><img decoding=\"async\" loading=\"lazy\" class=\"wp-image-503866 size-full aligncenter\" src=\"https:\/\/www.futboltotal.com.mx\/wp-content\/uploads\/2017\/10\/la-aficion-real-madrid-monterrey.jpg\" alt=\"Rayados disputar\u00e1 juego ante Real Madrid, aseguran 0\" srcset=\"http:\/\/desarrollo.grupomedios.com\/futbol\/wp-content\/uploads\/2017\/10\/la-aficion-real-madrid-monterrey.jpg 728w, http:\/\/desarrollo.grupomedios.com\/futbol\/wp-content\/uploads\/2017\/10\/la-aficion-real-madrid-monterrey-213x300.jpg 213w\" sizes=\"(max-width: 728px) 100vw, 728px\" \/><\/a><\/p>\n<p style=\"text-align: center;\"><a href=\"https:\/\/www.futboltotal.com.mx\/barcelona-busca-2-jugadores-reforzar-ataque\/2017\/10\/\" target=\"_blank\" rel=\"noopener\">VER M\u00c1S: Barcelona busca dos jugadores de Francia para reforzar su ataque<\/a><\/p>\n<p>Esta ser\u00eda la tercera ocasi\u00f3n en la historia que Monterrey y Real Madrid se vean las caras, luego que en <strong>1977 y 1990<\/strong> se enfrentaran en el\u00a0<strong>Estadio Tecnol\u00f3gico<\/strong>; el primero con un empate a un gol y el segundo con victoria de 2-0 para los regios, sin embargo esta ser\u00eda su primera visita al <strong>Santiago Bernab\u00e9u<\/strong>.<\/p>\n<p><iframe loading=\"lazy\" src=\"https:\/\/www.youtube.com\/embed\/lbfQs-N1fxQ?feature=oembed\" frameborder=\"0\" allowfullscreen><\/iframe><\/p>\n<p>En 2004 los <strong>Pumas<\/strong> de <strong>Hugo S\u00e1nchez<\/strong> ya fueron invitados a disputar el trofeo, el cual ganaron gracias a un gol de <strong>Israel Castro<\/strong>, siendo los \u00fanicos\u00a0representantes del continente americano en conseguir arrebatarle la copa a los merengues hasta el momento.<\/p>\n<p style=\"text-align: center;\"><a href=\"https:\/\/www.futboltotal.com.mx\/necesitan-messi-argentina-calificar-a-rusia-2018\/2017\/10\/\" target=\"_blank\" rel=\"noopener\">VER M\u00c1S: \u00bfQue necesitan Messi y Argentina para calificar al Mundial de Rusia 2018?<\/a><\/p>\n<p>&nbsp;<\/p>\n","protected":false},"excerpt":{"rendered":"<p>Los regiomontanos visitar\u00edan por primera vez el Santiago Bernab\u00e9u<\/p>\n","protected":false},"author":159,"featured_media":503867,"comment_status":"closed","ping_status":"closed","sticky":false,"template":"","format":"standard","meta":[],"categories":[5,2198,3845],"tags":[64,5966,497,5988,4222],"_links":{"self":[{"href":"http:\/\/desarrollo.grupomedios.com\/futbol\/wp-json\/wp\/v2\/posts\/503865"}],"collection":[{"href":"http:\/\/desarrollo.grupomedios.com\/futbol\/wp-json\/wp\/v2\/posts"}],"about":[{"href":"http:\/\/desarrollo.grupomedios.com\/futbol\/wp-json\/wp\/v2\/types\/post"}],"author":[{"embeddable":true,"href":"http:\/\/desarrollo.grupomedios.com\/futbol\/wp-json\/wp\/v2\/users\/159"}],"replies":[{"embeddable":true,"href":"http:\/\/desarrollo.grupomedios.com\/futbol\/wp-json\/wp\/v2\/comments?post=503865"}],"version-history":[{"count":1,"href":"http:\/\/desarrollo.grupomedios.com\/futbol\/wp-json\/wp\/v2\/posts\/503865\/revisions"}],"predecessor-version":[{"id":503868,"href":"http:\/\/desarrollo.grupomedios.com\/futbol\/wp-json\/wp\/v2\/posts\/503865\/revisions\/503868"}],"wp:featuredmedia":[{"embeddable":true,"href":"http:\/\/desarrollo.grupomedios.com\/futbol\/wp-json\/wp\/v2\/media\/503867"}],"wp:attachment":[{"href":"http:\/\/desarrollo.grupomedios.com\/futbol\/wp-json\/wp\/v2\/media?parent=503865"}],"wp:term":[{"taxonomy":"category","embeddable":true,"href":"http:\/\/desarrollo.grupomedios.com\/futbol\/wp-json\/wp\/v2\/categories?post=503865"},{"taxonomy":"post_tag","embeddable":true,"href":"http:\/\/desarrollo.grupomedios.com\/futbol\/wp-json\/wp\/v2\/tags?post=503865"}],"curies":[{"name":"wp","href":"https:\/\/api.w.org\/{rel}","templated":true}]}}