{"id":503872,"date":"2017-10-10T12:34:50","date_gmt":"2017-10-10T17:34:50","guid":{"rendered":"https:\/\/www.futboltotal.com.mx\/?p=503872"},"modified":"2017-10-12T11:52:29","modified_gmt":"2017-10-12T16:52:29","slug":"pikolin-palacios-jugar-en-pumas-a-salir-en-nuevo-reality-show","status":"publish","type":"post","link":"http:\/\/desarrollo.grupomedios.com\/futbol\/cambio-de-juego\/pikolin-palacios-jugar-en-pumas-a-salir-en-nuevo-reality-show\/2017\/10","title":{"rendered":"Pikol\u00edn Palacios, de jugar en Pumas a salir en nuevo reality show"},"content":{"rendered":"<p>El ex futbolista <strong>Marco Antonio &#8216;Pikol\u00edn&#8217; Palacios<\/strong>, pas\u00f3 de jugar a<strong> Pumas<\/strong> a buscar <strong>2 millones de pesos<\/strong> en un reality show de <strong>TV Azteca<\/strong>.<\/p>\n<p>Junto a otros deportistas como el\u00a0clavadista <strong>Rommel Pacheco<\/strong> y el\u00a0boxeador <strong>Jorge &#8220;Travieso&#8221; Arce<\/strong>, el ex de Pumas estar\u00e1 en el programa llamado\u00a0<strong>&#8220;Exatl\u00f3n&#8221;<\/strong>, donde en total 20 personajes buscar\u00e1n ganar el dinero luego de duras pruebas f\u00edsicas.<\/p>\n<p>A trav\u00e9s del programa <em>Contraataque Deportivo,<\/em> fue\u00a0<strong>Antonio Rosique<\/strong> quien revel\u00f3 el nombre del futbolista como uno de los participantes que formar\u00e1n parte del reality que iniciar\u00e1 su transmisi\u00f3n el pr\u00f3ximo\u00a0lunes <strong>16 de octubre<\/strong> por Azteca.<\/p>\n<p style=\"text-align: center;\"><a href=\"https:\/\/www.futboltotal.com.mx\/rayados-disputara-juego-ante-real-madrid\/2017\/10\/\" target=\"_blank\" rel=\"noopener\">VER M\u00c1S: Rayados de Monterrey jugar\u00e1 ante Real Madrid<\/a><\/p>\n<blockquote><p>&#8220;Exatl\u00f3n es una competencia entre 20 grandes atletas, atletas profesionales, famosos, no famosos; quienes tendr\u00e1n que enfrentarse a una serie de <strong>retos casi militares<\/strong> a ver qui\u00e9n aguanta&#8221;, expres\u00f3 el comentarista deportivo.<\/p><\/blockquote>\n<p>El ex defensa central vivi\u00f3 la mayor parte de su carrera futbol\u00edstica con <strong>Pumas de la UNAM<\/strong>, con quienes milit\u00f3 en tres etapas; tambi\u00e9n \u00a0defendi\u00f3 las camisetas de <strong>Veracruz<\/strong> y <strong>Monarcas Morelia<\/strong> antes de decidir ponerle fin a su carrera profesional.<\/p>\n<p style=\"text-align: center;\"><a href=\"https:\/\/www.futboltotal.com.mx\/necesitan-messi-argentina-calificar-a-rusia-2018\/2017\/10\/\" target=\"_blank\" rel=\"noopener\">VER M\u00c1S: \u00bfQu\u00e9 necesita Messi y Argentina para calificar a Rusia 2018?<\/a><\/p>\n<p>&nbsp;<\/p>\n","protected":false},"excerpt":{"rendered":"<p>El ex defensa deber\u00e1 buscar nuevos horizontes despu\u00e9s del futbol<\/p>\n","protected":false},"author":159,"featured_media":503875,"comment_status":"closed","ping_status":"closed","sticky":false,"template":"","format":"standard","meta":[],"categories":[5419],"tags":[2103,784,2835,74,6049],"_links":{"self":[{"href":"http:\/\/desarrollo.grupomedios.com\/futbol\/wp-json\/wp\/v2\/posts\/503872"}],"collection":[{"href":"http:\/\/desarrollo.grupomedios.com\/futbol\/wp-json\/wp\/v2\/posts"}],"about":[{"href":"http:\/\/desarrollo.grupomedios.com\/futbol\/wp-json\/wp\/v2\/types\/post"}],"author":[{"embeddable":true,"href":"http:\/\/desarrollo.grupomedios.com\/futbol\/wp-json\/wp\/v2\/users\/159"}],"replies":[{"embeddable":true,"href":"http:\/\/desarrollo.grupomedios.com\/futbol\/wp-json\/wp\/v2\/comments?post=503872"}],"version-history":[{"count":1,"href":"http:\/\/desarrollo.grupomedios.com\/futbol\/wp-json\/wp\/v2\/posts\/503872\/revisions"}],"predecessor-version":[{"id":503876,"href":"http:\/\/desarrollo.grupomedios.com\/futbol\/wp-json\/wp\/v2\/posts\/503872\/revisions\/503876"}],"wp:featuredmedia":[{"embeddable":true,"href":"http:\/\/desarrollo.grupomedios.com\/futbol\/wp-json\/wp\/v2\/media\/503875"}],"wp:attachment":[{"href":"http:\/\/desarrollo.grupomedios.com\/futbol\/wp-json\/wp\/v2\/media?parent=503872"}],"wp:term":[{"taxonomy":"category","embeddable":true,"href":"http:\/\/desarrollo.grupomedios.com\/futbol\/wp-json\/wp\/v2\/categories?post=503872"},{"taxonomy":"post_tag","embeddable":true,"href":"http:\/\/desarrollo.grupomedios.com\/futbol\/wp-json\/wp\/v2\/tags?post=503872"}],"curies":[{"name":"wp","href":"https:\/\/api.w.org\/{rel}","templated":true}]}}