{"id":503881,"date":"2017-10-10T13:18:04","date_gmt":"2017-10-10T18:18:04","guid":{"rendered":"https:\/\/www.futboltotal.com.mx\/?p=503881"},"modified":"2017-10-10T13:18:46","modified_gmt":"2017-10-10T18:18:46","slug":"edinson-cavani-confiesa-mejor-futbolista-ha-jugado","status":"publish","type":"post","link":"http:\/\/desarrollo.grupomedios.com\/futbol\/videos\/edinson-cavani-confiesa-mejor-futbolista-ha-jugado\/2017\/10","title":{"rendered":"Edinson Cavani confiesa el mejor futbolista con el que ha jugado"},"content":{"rendered":"<p>El delantero uruguayo del <strong>Paris Saint-Germain<\/strong>, <strong>Edinson Cavani<\/strong>, respondi\u00f3 algunas preguntas a trav\u00e9s de un video realizado por la propia selecci\u00f3n charr\u00faa, donde confes\u00f3 el jugador con el que ha tenido la oportunidad de compartir el terreno de juego.<\/p>\n<p><strong>&#8220;\u00bfQui\u00e9n es el mejor jugador con el que jugaste?\u201d<\/strong>, lanzaron al futbolista, quien de inmediato respondi\u00f3; <strong>&#8220;Marco Verratti&#8221;,<\/strong> sorprendiendo a todos, pues el uruguayo ha tenido la oportunidad de jugar con grandes estrellas como <strong>Zlatan Ibrahimovic<\/strong>, <strong>Luis Su\u00e1rez<\/strong> y ahora <strong>Neymar<\/strong>, sin embargo eligi\u00f3 al volante italiano.<\/p>\n<p style=\"text-align: center;\"><a href=\"https:\/\/www.futboltotal.com.mx\/rayados-disputara-juego-ante-real-madrid\/2017\/10\/\" target=\"_blank\" rel=\"noopener\">VER M\u00c1S: Rayados de Monterrey disputar\u00e1 encuentro frente a Real Madrid<\/a><\/p>\n<p>Esta din\u00e1mica sac\u00f3 varias respuestas, en las que indic\u00f3 que, en su percepci\u00f3n, <strong>Diego Armando Maradona<\/strong> es el mejor futbolista de la historia, adem\u00e1s que indic\u00f3 que el defensa que mejor lo ha marcado es el italiano <strong>Giorgio Chiellini<\/strong>.<\/p>\n<p>Por \u00faltimo, tambi\u00e9n estableci\u00f3 que el futbolista que admiraba cuando era peque\u00f1o, fue su hermano mayor<strong>\u00a0Walter Guglielmone<\/strong>, quien jugara en M\u00e9xico para <strong>Pachuca<\/strong> y <strong>Jaguares<\/strong> entre 2004 y 2005.<\/p>\n<blockquote class=\"twitter-video\" data-lang=\"es\">\n<p dir=\"ltr\" lang=\"es\"><a href=\"https:\/\/twitter.com\/hashtag\/MinutoCeleste?src=hash&amp;ref_src=twsrc%5Etfw\">#MinutoCeleste<\/a> I <a href=\"https:\/\/twitter.com\/ECavaniOfficial?ref_src=twsrc%5Etfw\">@ECavaniOfficial<\/a> respondi\u00f3 preguntas de los seguidores de Twitter, Facebook e Instagram de la AUF: <a href=\"https:\/\/t.co\/z3dLfoQFTQ\">https:\/\/t.co\/z3dLfoQFTQ<\/a> <a href=\"https:\/\/t.co\/4BMobdPlMy\">pic.twitter.com\/4BMobdPlMy<\/a><\/p>\n<p>\u2014 Selecci\u00f3n Uruguaya (@Uruguay) <a href=\"https:\/\/twitter.com\/Uruguay\/status\/917458309027909632?ref_src=twsrc%5Etfw\">9 de octubre de 2017<\/a><\/p><\/blockquote>\n<p><script async src=\"\/\/platform.twitter.com\/widgets.js\" charset=\"utf-8\"><\/script><\/p>\n<p style=\"text-align: center;\"><a href=\"https:\/\/www.futboltotal.com.mx\/mundial-sin-messi-ni-cristiano-ronaldo\/2017\/10\/\" target=\"_blank\" rel=\"noopener\">VER M\u00c1S: \u00bfUn Mundial sin Messi y Cristiano Ronaldo?<\/a><\/p>\n","protected":false},"excerpt":{"rendered":"<p>El delantero revel\u00f3 qui\u00e9n es el mejor futbolista del mundo<\/p>\n","protected":false},"author":159,"featured_media":503884,"comment_status":"closed","ping_status":"closed","sticky":false,"template":"","format":"standard","meta":[],"categories":[3839,4],"tags":[6037,4086,1376,503],"_links":{"self":[{"href":"http:\/\/desarrollo.grupomedios.com\/futbol\/wp-json\/wp\/v2\/posts\/503881"}],"collection":[{"href":"http:\/\/desarrollo.grupomedios.com\/futbol\/wp-json\/wp\/v2\/posts"}],"about":[{"href":"http:\/\/desarrollo.grupomedios.com\/futbol\/wp-json\/wp\/v2\/types\/post"}],"author":[{"embeddable":true,"href":"http:\/\/desarrollo.grupomedios.com\/futbol\/wp-json\/wp\/v2\/users\/159"}],"replies":[{"embeddable":true,"href":"http:\/\/desarrollo.grupomedios.com\/futbol\/wp-json\/wp\/v2\/comments?post=503881"}],"version-history":[{"count":1,"href":"http:\/\/desarrollo.grupomedios.com\/futbol\/wp-json\/wp\/v2\/posts\/503881\/revisions"}],"predecessor-version":[{"id":503886,"href":"http:\/\/desarrollo.grupomedios.com\/futbol\/wp-json\/wp\/v2\/posts\/503881\/revisions\/503886"}],"wp:featuredmedia":[{"embeddable":true,"href":"http:\/\/desarrollo.grupomedios.com\/futbol\/wp-json\/wp\/v2\/media\/503884"}],"wp:attachment":[{"href":"http:\/\/desarrollo.grupomedios.com\/futbol\/wp-json\/wp\/v2\/media?parent=503881"}],"wp:term":[{"taxonomy":"category","embeddable":true,"href":"http:\/\/desarrollo.grupomedios.com\/futbol\/wp-json\/wp\/v2\/categories?post=503881"},{"taxonomy":"post_tag","embeddable":true,"href":"http:\/\/desarrollo.grupomedios.com\/futbol\/wp-json\/wp\/v2\/tags?post=503881"}],"curies":[{"name":"wp","href":"https:\/\/api.w.org\/{rel}","templated":true}]}}