{"id":503890,"date":"2017-10-10T14:12:06","date_gmt":"2017-10-10T19:12:06","guid":{"rendered":"https:\/\/www.futboltotal.com.mx\/?p=503890"},"modified":"2017-10-10T14:12:06","modified_gmt":"2017-10-10T19:12:06","slug":"psg-busca-robarle-al-barcelona-a-philippe-coutinho","status":"publish","type":"post","link":"http:\/\/desarrollo.grupomedios.com\/futbol\/futbol-internacional\/psg-busca-robarle-al-barcelona-a-philippe-coutinho\/2017\/10","title":{"rendered":"PSG busca &#8216;robarle&#8217; al Barcelona a Philippe Coutinho"},"content":{"rendered":"<p>El <strong>Paris Saint-Germain<\/strong> piensa en seguir rompiendo el mercado y ahora est\u00e1n en busca de &#8216;robarle&#8217; otro futbolista al <strong>Barcelona<\/strong>, luego que se diera el famoso caso de <strong>Neymar<\/strong>, quien dej\u00f3 a los blaugranas para recalar en Francia. Adem\u00e1s en ese mismo mercado de fichajes, se llevaron al joven sensaci\u00f3n, <strong>Kyli\u00e1n Mbapp\u00e9<\/strong>.<\/p>\n<p>De acuerdo al rotativo franc\u00e9s <em>Le10 Sport<\/em>, <strong>Unai Emery<\/strong>, estratega parisino ha pedido que se ponga la mira en el brasile\u00f1o\u00a0<strong>Philippe Coutinho<\/strong>, quien fue buscado por el Barcelona como sustituto del propio Neymar. Para los parisinos existen tres puntos importantes a tomar en cuenta para este fichaje:<\/p>\n<p>Uno es que su primer punto en la agenda es el chileno\u00a0<strong>Alexis S\u00e1nchez<\/strong>, quien ya no renovar\u00eda con el <strong>Arsenal<\/strong> y en verano podr\u00eda cambiar de aires y los franceses encabezan la lista de preferencias por el chileno, quien tambi\u00e9n tendr\u00eda en su mente al <strong>Manchester City<\/strong>.<\/p>\n<p style=\"text-align: center;\"><a href=\"https:\/\/www.futboltotal.com.mx\/rayados-disputara-juego-ante-real-madrid\/2017\/10\/\" target=\"_blank\" rel=\"noopener\">VER M\u00c1S: Rayados de Monterrey jugar\u00e1 ante Real Madrid<\/a><\/p>\n<p>La segunda es que buscar\u00e1 reforzarse con una s\u00faper estrella, pero evitando el famoso<strong> Fair-Play Financiero<\/strong>, por ello ya se ha planteado la meta de vender al argentino, <a href=\"https:\/\/www.futboltotal.com.mx\/di-maria-entra-en-planes-psg-llegaria-a-china\/2017\/10\/\" target=\"_blank\" rel=\"noopener\"><strong>\u00c1ngel Di Mar\u00eda<\/strong>, por una fuerte suma de dinero al mercado del <strong>futbol de China<\/strong><\/a>. Lo que abrir\u00eda un hueco para otro nombre de peso en el ataque.<\/p>\n<p>Por otro lado,\u00a0<strong>Maxwell<\/strong>, miembro de la directiva del Paris Saint Germain, ser\u00eda el encargado de realizar las negociaciones con el <strong>Liverpool<\/strong>, aquellas que se le negaron al Barcelona; sin embargo, al ser compatriotas y haber defendido ambos a la selecci\u00f3n, podr\u00eda convencerle de jugar en Francia antes que en Espa\u00f1a.<\/p>\n<p><iframe loading=\"lazy\" src=\"https:\/\/www.youtube.com\/embed\/b-IfyEJHscA?feature=oembed\" frameborder=\"0\" allowfullscreen><\/iframe><\/p>\n<p style=\"text-align: center;\"><a href=\"https:\/\/www.futboltotal.com.mx\/barcelona-busca-2-jugadores-reforzar-ataque\/2017\/10\/\" target=\"_blank\" rel=\"noopener\">VER M\u00c1S: Barcelona busca a 2 jugadores franceses para reforzar su ataque<\/a><\/p>\n<p>&nbsp;<\/p>\n","protected":false},"excerpt":{"rendered":"<p>Los parisinos le robar\u00edan otro brasile\u00f1o a los cul\u00e9s<\/p>\n","protected":false},"author":159,"featured_media":503895,"comment_status":"closed","ping_status":"closed","sticky":false,"template":"","format":"standard","meta":[],"categories":[7740,3839],"tags":[5984,5989,1376,2669],"_links":{"self":[{"href":"http:\/\/desarrollo.grupomedios.com\/futbol\/wp-json\/wp\/v2\/posts\/503890"}],"collection":[{"href":"http:\/\/desarrollo.grupomedios.com\/futbol\/wp-json\/wp\/v2\/posts"}],"about":[{"href":"http:\/\/desarrollo.grupomedios.com\/futbol\/wp-json\/wp\/v2\/types\/post"}],"author":[{"embeddable":true,"href":"http:\/\/desarrollo.grupomedios.com\/futbol\/wp-json\/wp\/v2\/users\/159"}],"replies":[{"embeddable":true,"href":"http:\/\/desarrollo.grupomedios.com\/futbol\/wp-json\/wp\/v2\/comments?post=503890"}],"version-history":[{"count":1,"href":"http:\/\/desarrollo.grupomedios.com\/futbol\/wp-json\/wp\/v2\/posts\/503890\/revisions"}],"predecessor-version":[{"id":503896,"href":"http:\/\/desarrollo.grupomedios.com\/futbol\/wp-json\/wp\/v2\/posts\/503890\/revisions\/503896"}],"wp:featuredmedia":[{"embeddable":true,"href":"http:\/\/desarrollo.grupomedios.com\/futbol\/wp-json\/wp\/v2\/media\/503895"}],"wp:attachment":[{"href":"http:\/\/desarrollo.grupomedios.com\/futbol\/wp-json\/wp\/v2\/media?parent=503890"}],"wp:term":[{"taxonomy":"category","embeddable":true,"href":"http:\/\/desarrollo.grupomedios.com\/futbol\/wp-json\/wp\/v2\/categories?post=503890"},{"taxonomy":"post_tag","embeddable":true,"href":"http:\/\/desarrollo.grupomedios.com\/futbol\/wp-json\/wp\/v2\/tags?post=503890"}],"curies":[{"name":"wp","href":"https:\/\/api.w.org\/{rel}","templated":true}]}}