{"id":503906,"date":"2017-10-10T15:26:14","date_gmt":"2017-10-10T20:26:14","guid":{"rendered":"https:\/\/www.futboltotal.com.mx\/?p=503906"},"modified":"2017-10-10T17:40:22","modified_gmt":"2017-10-10T22:40:22","slug":"tigres-disputaria-trofeo-ante-equipo-espana","status":"publish","type":"post","link":"http:\/\/desarrollo.grupomedios.com\/futbol\/futbol-mexicano\/tigres-disputaria-trofeo-ante-equipo-espana\/2017\/10","title":{"rendered":"Tigres tambi\u00e9n disputar\u00eda trofeo ante equipo de Espa\u00f1a"},"content":{"rendered":"<p>Luego de que se diera a conocer que<a href=\"https:\/\/www.futboltotal.com.mx\/rayados-disputara-juego-ante-real-madrid\/2017\/10\/\" target=\"_blank\" rel=\"noopener\"> Rayados podr\u00eda ser rival del Real Madrid<\/a>, parece que los <strong>Tigres<\/strong> har\u00e1n lo propio y tambi\u00e9n jugar\u00edan por un trofeo ante un equipo de Espa\u00f1a.<\/p>\n<p>Seg\u00fan informaci\u00f3n de Willie Gonz\u00e1lez, el equipo felino podr\u00eda ir a Europa para enfrentar al <strong>Deportivo La Coru\u00f1a<\/strong> en el <strong>trofeo Teresa Herrera<\/strong> a disputarse el pr\u00f3ximo verano de 2018.<\/p>\n<p style=\"text-align: center;\"><span style=\"color: #3366ff;\"><a href=\"https:\/\/www.futboltotal.com.mx\/importante-mexico-gane-a-honduras\/2017\/10\/\">VER M\u00c1S: \u00bfPor qu\u00e9 es importante que M\u00e9xico gane a Honduras?<\/a><\/span><\/p>\n<p>Pero el partido ante el <strong>Depor<\/strong> no ser\u00eda la \u00fanica opci\u00f3n para los Tigres, pues otro de los clubes que se ofreci\u00f3 fue el <strong>Villarreal<\/strong>, quien estar\u00eda dispuesto a apoyar a los damnificados en M\u00e9xico luego del sismo del pasado 19 de septiembre.<\/p>\n<p>Cabe recordar que la directiva del equipo comandado por <strong>Ricardo Ferretti<\/strong> mantiene una buena relaci\u00f3n con la del Submarino Amarillo, pues hace un par de a\u00f1os se pusieron de acuerdo para el regreso de <strong>Javier Aquino<\/strong> y la llegada del nigeriano <strong>Ikechukwu Uche<\/strong>.<\/p>\n<p>Este martes, el diario <em>La Afici\u00f3n<\/em> inform\u00f3 que hay muchas posibilidades de que<strong> Monterrey<\/strong> sea el rival de los <strong>Merengues<\/strong> en la trig\u00e9simo novena edici\u00f3n del Trofeo Santiago Bernab\u00e9u.<\/p>\n<p style=\"text-align: center;\"><span style=\"color: #3366ff;\"><a href=\"https:\/\/www.futboltotal.com.mx\/el-dia-que-oswaldo-sanchez-pidio-clemencia-a-david-suazo201710\/2017\/10\/\">VER M\u00c1S: El d\u00eda que Oswaldo S\u00e1nchez pidi\u00f3 clemencia a David Suazo<\/a><\/span><\/p>\n","protected":false},"excerpt":{"rendered":"<p>Los felinos copiar\u00edan a Rayados con su partido en Espa\u00f1a.<\/p>\n","protected":false},"author":20,"featured_media":496455,"comment_status":"closed","ping_status":"closed","sticky":false,"template":"","format":"standard","meta":[],"categories":[2198,3845],"tags":[217,64,5973,2607],"_links":{"self":[{"href":"http:\/\/desarrollo.grupomedios.com\/futbol\/wp-json\/wp\/v2\/posts\/503906"}],"collection":[{"href":"http:\/\/desarrollo.grupomedios.com\/futbol\/wp-json\/wp\/v2\/posts"}],"about":[{"href":"http:\/\/desarrollo.grupomedios.com\/futbol\/wp-json\/wp\/v2\/types\/post"}],"author":[{"embeddable":true,"href":"http:\/\/desarrollo.grupomedios.com\/futbol\/wp-json\/wp\/v2\/users\/20"}],"replies":[{"embeddable":true,"href":"http:\/\/desarrollo.grupomedios.com\/futbol\/wp-json\/wp\/v2\/comments?post=503906"}],"version-history":[{"count":1,"href":"http:\/\/desarrollo.grupomedios.com\/futbol\/wp-json\/wp\/v2\/posts\/503906\/revisions"}],"predecessor-version":[{"id":503911,"href":"http:\/\/desarrollo.grupomedios.com\/futbol\/wp-json\/wp\/v2\/posts\/503906\/revisions\/503911"}],"wp:featuredmedia":[{"embeddable":true,"href":"http:\/\/desarrollo.grupomedios.com\/futbol\/wp-json\/wp\/v2\/media\/496455"}],"wp:attachment":[{"href":"http:\/\/desarrollo.grupomedios.com\/futbol\/wp-json\/wp\/v2\/media?parent=503906"}],"wp:term":[{"taxonomy":"category","embeddable":true,"href":"http:\/\/desarrollo.grupomedios.com\/futbol\/wp-json\/wp\/v2\/categories?post=503906"},{"taxonomy":"post_tag","embeddable":true,"href":"http:\/\/desarrollo.grupomedios.com\/futbol\/wp-json\/wp\/v2\/tags?post=503906"}],"curies":[{"name":"wp","href":"https:\/\/api.w.org\/{rel}","templated":true}]}}