{"id":503986,"date":"2017-10-10T21:35:59","date_gmt":"2017-10-11T02:35:59","guid":{"rendered":"https:\/\/www.futboltotal.com.mx\/?p=503986"},"modified":"2017-10-11T08:36:04","modified_gmt":"2017-10-11T13:36:04","slug":"panama-historia-consigue-polemico-pase-al-mundial","status":"publish","type":"post","link":"http:\/\/desarrollo.grupomedios.com\/futbol\/futbol-internacional\/panama-historia-consigue-polemico-pase-al-mundial\/2017\/10","title":{"rendered":"Panam\u00e1 hace historia y consigue pol\u00e9mico pase al Mundial"},"content":{"rendered":"<p>La <strong>selecci\u00f3n de Panam\u00e1<\/strong> se clasific\u00f3 a su primer<strong> Mundial<\/strong> de mayores al derrotar este martes por 2-1 a <strong>Costa Rica<\/strong> en la d\u00e9cima y \u00faltima jornada del hexagonal final de la <strong>Concacaf<\/strong>.<\/p>\n<p>Un gol de <strong>Rom\u00e1n Torres<\/strong>, en el minuto 88, hizo estallar la alegr\u00eda en el<strong> estadio Rommel Fern\u00e1ndez<\/strong> y en las calles de la ciudad paname\u00f1a.<\/p>\n<p style=\"text-align: center;\"><span style=\"color: #3366ff;\"><a href=\"https:\/\/www.futboltotal.com.mx\/trinidad-y-tobago-2-1-estados-unidos-eliminatorias-concacaf-2018-resumen\/2017\/10\/\">VER M\u00c1S: \u00a1Trinidad y Tobago deja a Estados Unidos sin Mundial!<\/a><\/span><\/p>\n<blockquote class=\"twitter-video\" data-lang=\"es\">\n<p dir=\"ltr\" lang=\"es\">\u201cALCANZAMOS POR FIN LA VICTORIA\u201d<\/p>\n<p>NO HAY PALABRAS&#8230;TE AMO PANAM\u00c1<br \/>\n&#x1f1f5;&#x1f1e6;&#x1f1f5;&#x1f1e6;&#x1f1f5;&#x1f1e6;&#x1f1f5;&#x1f1e6;&#x1f1f5;&#x1f1e6;&#x1f1f5;&#x1f1e6;&#x1f62d;&#x1f62d;&#x1f62d;&#x1f62d;&#x1f62d;&#x1f62d;<\/p>\n<p>\u00a1GRACIAS ROM\u00c1N TORRES!<a href=\"https:\/\/twitter.com\/hashtag\/Panam%C3%A1AlMundial?src=hash&amp;ref_src=twsrc%5Etfw\">#Panam\u00e1AlMundial<\/a> <a href=\"https:\/\/twitter.com\/hashtag\/Panam%C3%A1EnRusia?src=hash&amp;ref_src=twsrc%5Etfw\">#Panam\u00e1EnRusia<\/a> <a href=\"https:\/\/t.co\/36x7DZ8euW\">pic.twitter.com\/36x7DZ8euW<\/a><\/p>\n<p>\u2014 AMBLESS (@_ambless) <a href=\"https:\/\/twitter.com\/_ambless\/status\/917936776127373312?ref_src=twsrc%5Etfw\">11 de octubre de 2017<\/a><\/p><\/blockquote>\n<p><script async src=\"\/\/platform.twitter.com\/widgets.js\" charset=\"utf-8\"><\/script><\/p>\n<p>La selecci\u00f3n que dirige el colombiano <strong>Hern\u00e1n Dar\u00edo G\u00f3mez<\/strong> comenz\u00f3 abajo en el marcador a los 33 minutos con un tanto de <strong>Johan Venegas<\/strong>, pero <strong>Gabriel Torres<\/strong> devolvi\u00f3 la ilusi\u00f3n a los 56 con el empate parcial y despu\u00e9s Rom\u00e1n Torres anot\u00f3 y decidi\u00f3 el pase a Rusia 2018. EFE<\/p>\n<blockquote class=\"twitter-video\" data-lang=\"es\">\n<p dir=\"ltr\" lang=\"es\">Yo entre m\u00e1s en el coraz\u00f3n bipolar de <a href=\"https:\/\/twitter.com\/PatyCantu?ref_src=twsrc%5Etfw\">@PatyCantu<\/a>, que este \u201cgol\u201d de Blas P\u00e9rez en la porter\u00eda de Costa Rica <a href=\"https:\/\/t.co\/LgX5SYB8Gw\">pic.twitter.com\/LgX5SYB8Gw<\/a><\/p>\n<p>\u2014 Saulo Goyco (@SauloRGoyco11) <a href=\"https:\/\/twitter.com\/SauloRGoyco11\/status\/917924088596672513?ref_src=twsrc%5Etfw\">11 de octubre de 2017<\/a><\/p><\/blockquote>\n<p><script async src=\"\/\/platform.twitter.com\/widgets.js\" charset=\"utf-8\"><\/script><\/p>\n<p><a href=\"https:\/\/www.futboltotal.com.mx\/wp-content\/uploads\/2017\/10\/panama.jpg\"><img decoding=\"async\" loading=\"lazy\" class=\"aligncenter size-large wp-image-504028\" src=\"https:\/\/www.futboltotal.com.mx\/wp-content\/uploads\/2017\/10\/panama-671x1024.jpg\" alt=\"Panam\u00e1 hace historia y consigue pol\u00e9mico pase al Mundial 0\" srcset=\"http:\/\/desarrollo.grupomedios.com\/futbol\/wp-content\/uploads\/2017\/10\/panama-671x1024.jpg 671w, http:\/\/desarrollo.grupomedios.com\/futbol\/wp-content\/uploads\/2017\/10\/panama-196x300.jpg 196w, http:\/\/desarrollo.grupomedios.com\/futbol\/wp-content\/uploads\/2017\/10\/panama-768x1173.jpg 768w, http:\/\/desarrollo.grupomedios.com\/futbol\/wp-content\/uploads\/2017\/10\/panama.jpg 858w\" sizes=\"(max-width: 671px) 100vw, 671px\" \/><\/a><\/p>\n","protected":false},"excerpt":{"rendered":"<p>Un pol\u00e9mico gol meti\u00f3 al conjunto canalero a su primer mundial.<\/p>\n","protected":false},"author":144,"featured_media":503988,"comment_status":"closed","ping_status":"closed","sticky":false,"template":"","format":"standard","meta":[],"categories":[7570,3839,7536],"tags":[213,10551,625,2232],"_links":{"self":[{"href":"http:\/\/desarrollo.grupomedios.com\/futbol\/wp-json\/wp\/v2\/posts\/503986"}],"collection":[{"href":"http:\/\/desarrollo.grupomedios.com\/futbol\/wp-json\/wp\/v2\/posts"}],"about":[{"href":"http:\/\/desarrollo.grupomedios.com\/futbol\/wp-json\/wp\/v2\/types\/post"}],"author":[{"embeddable":true,"href":"http:\/\/desarrollo.grupomedios.com\/futbol\/wp-json\/wp\/v2\/users\/144"}],"replies":[{"embeddable":true,"href":"http:\/\/desarrollo.grupomedios.com\/futbol\/wp-json\/wp\/v2\/comments?post=503986"}],"version-history":[{"count":3,"href":"http:\/\/desarrollo.grupomedios.com\/futbol\/wp-json\/wp\/v2\/posts\/503986\/revisions"}],"predecessor-version":[{"id":504029,"href":"http:\/\/desarrollo.grupomedios.com\/futbol\/wp-json\/wp\/v2\/posts\/503986\/revisions\/504029"}],"wp:featuredmedia":[{"embeddable":true,"href":"http:\/\/desarrollo.grupomedios.com\/futbol\/wp-json\/wp\/v2\/media\/503988"}],"wp:attachment":[{"href":"http:\/\/desarrollo.grupomedios.com\/futbol\/wp-json\/wp\/v2\/media?parent=503986"}],"wp:term":[{"taxonomy":"category","embeddable":true,"href":"http:\/\/desarrollo.grupomedios.com\/futbol\/wp-json\/wp\/v2\/categories?post=503986"},{"taxonomy":"post_tag","embeddable":true,"href":"http:\/\/desarrollo.grupomedios.com\/futbol\/wp-json\/wp\/v2\/tags?post=503986"}],"curies":[{"name":"wp","href":"https:\/\/api.w.org\/{rel}","templated":true}]}}