{"id":504003,"date":"2017-10-10T22:01:36","date_gmt":"2017-10-11T03:01:36","guid":{"rendered":"https:\/\/www.futboltotal.com.mx\/?p=504003"},"modified":"2017-10-10T22:01:36","modified_gmt":"2017-10-11T03:01:36","slug":"chile-la-gran-decepcion-en-los-memes-messi-rey","status":"publish","type":"post","link":"http:\/\/desarrollo.grupomedios.com\/futbol\/futbol-internacional\/chile-la-gran-decepcion-en-los-memes-messi-rey\/2017\/10","title":{"rendered":"Chile, la gran decepci\u00f3n en los memes; Messi, el rey"},"content":{"rendered":"<p>La selecci\u00f3n chilena fue la gran decepci\u00f3n de las eliminatorias sudamericanas, y qued\u00f3 eliminado de la Copa del <strong>Mundo de Rusia 2018<\/strong>.<\/p>\n<p>El bicampe\u00f3n de la <strong>Copa Am\u00e9rica<\/strong> fue humillado por Brasil y con una serie de combinaciones qued\u00f3 fuera del Mundial.<\/p>\n<p style=\"text-align: center;\"><span style=\"color: #333399;\"><a href=\"https:\/\/www.futboltotal.com.mx\/ecuador-1-3-argentina-eliminatorias-conmebol-2018-lionel-messi-resumen\/2017\/10\/\">VER M\u00c1S: <span class=\"item-title\">Messi saca el pecho por Argentina y lo lleva al Mundial<\/span><\/a><\/span><\/p>\n<p>Suerte que no sigui\u00f3 Argentina, despu\u00e9s de derrotar por 3-1 a Ecuador, y logr\u00f3 su boleto directo al Mundial de Rusia 2018.<\/p>\n<div id=\"galleryFrt\" style=\"display:none;\"><img alt=\"\" src=\"http:\/\/desarrollo.grupomedios.com\/futbol\/wp-content\/uploads\/2017\/10\/meme-1-argentina.jpg\" data-image=\"http:\/\/desarrollo.grupomedios.com\/futbol\/wp-content\/uploads\/2017\/10\/meme-1-argentina.jpg\" data-description=\"meme-1-argentina\"><img alt=\"\" src=\"http:\/\/desarrollo.grupomedios.com\/futbol\/wp-content\/uploads\/2017\/10\/meme-2-conmebol.jpg\" data-image=\"http:\/\/desarrollo.grupomedios.com\/futbol\/wp-content\/uploads\/2017\/10\/meme-2-conmebol.jpg\" data-description=\"meme-2-conmebol\"><img alt=\"\" src=\"http:\/\/desarrollo.grupomedios.com\/futbol\/wp-content\/uploads\/2017\/10\/meme-4-conmebol.jpg\" data-image=\"http:\/\/desarrollo.grupomedios.com\/futbol\/wp-content\/uploads\/2017\/10\/meme-4-conmebol.jpg\" data-description=\"meme-4-conmebol\"><img alt=\"\" src=\"http:\/\/desarrollo.grupomedios.com\/futbol\/wp-content\/uploads\/2017\/10\/meme-5-conmebol.jpg\" data-image=\"http:\/\/desarrollo.grupomedios.com\/futbol\/wp-content\/uploads\/2017\/10\/meme-5-conmebol.jpg\" data-description=\"meme-5-conmebol\"><img alt=\"\" src=\"http:\/\/desarrollo.grupomedios.com\/futbol\/wp-content\/uploads\/2017\/10\/meme-7-conmebol.jpg\" data-image=\"http:\/\/desarrollo.grupomedios.com\/futbol\/wp-content\/uploads\/2017\/10\/meme-7-conmebol.jpg\" data-description=\"meme-7-conmebol\"><img alt=\"\" src=\"http:\/\/desarrollo.grupomedios.com\/futbol\/wp-content\/uploads\/2017\/10\/meme-3-conmebol.jpg\" data-image=\"http:\/\/desarrollo.grupomedios.com\/futbol\/wp-content\/uploads\/2017\/10\/meme-3-conmebol.jpg\" data-description=\"meme-3-conmebol\"><\/div>\n        <script>\n        \/\/galeria 1\n        jQuery(document).ready(function(){ \n            var api;\n            api = jQuery(\"#galleryFrt\").unitegallery({\n                carousel_autoplay: false\n            }); \n        });\n        <\/script>\n        \n","protected":false},"excerpt":{"rendered":"<p>Los chilenos fueron v\u00edctimas de su inestabilidad y quedaron fuera de Rusia 2018<\/p>\n","protected":false},"author":160,"featured_media":504004,"comment_status":"closed","ping_status":"closed","sticky":false,"template":"","format":"standard","meta":[],"categories":[7566,3839],"tags":[5996,406,4949],"_links":{"self":[{"href":"http:\/\/desarrollo.grupomedios.com\/futbol\/wp-json\/wp\/v2\/posts\/504003"}],"collection":[{"href":"http:\/\/desarrollo.grupomedios.com\/futbol\/wp-json\/wp\/v2\/posts"}],"about":[{"href":"http:\/\/desarrollo.grupomedios.com\/futbol\/wp-json\/wp\/v2\/types\/post"}],"author":[{"embeddable":true,"href":"http:\/\/desarrollo.grupomedios.com\/futbol\/wp-json\/wp\/v2\/users\/160"}],"replies":[{"embeddable":true,"href":"http:\/\/desarrollo.grupomedios.com\/futbol\/wp-json\/wp\/v2\/comments?post=504003"}],"version-history":[{"count":1,"href":"http:\/\/desarrollo.grupomedios.com\/futbol\/wp-json\/wp\/v2\/posts\/504003\/revisions"}],"predecessor-version":[{"id":504013,"href":"http:\/\/desarrollo.grupomedios.com\/futbol\/wp-json\/wp\/v2\/posts\/504003\/revisions\/504013"}],"wp:featuredmedia":[{"embeddable":true,"href":"http:\/\/desarrollo.grupomedios.com\/futbol\/wp-json\/wp\/v2\/media\/504004"}],"wp:attachment":[{"href":"http:\/\/desarrollo.grupomedios.com\/futbol\/wp-json\/wp\/v2\/media?parent=504003"}],"wp:term":[{"taxonomy":"category","embeddable":true,"href":"http:\/\/desarrollo.grupomedios.com\/futbol\/wp-json\/wp\/v2\/categories?post=504003"},{"taxonomy":"post_tag","embeddable":true,"href":"http:\/\/desarrollo.grupomedios.com\/futbol\/wp-json\/wp\/v2\/tags?post=504003"}],"curies":[{"name":"wp","href":"https:\/\/api.w.org\/{rel}","templated":true}]}}