{"id":504104,"date":"2017-10-11T14:23:09","date_gmt":"2017-10-11T19:23:09","guid":{"rendered":"https:\/\/www.futboltotal.com.mx\/?p=504104"},"modified":"2017-10-11T14:24:17","modified_gmt":"2017-10-11T19:24:17","slug":"hondureno-le-rogo-a-andres-guardado-fallar-tiro-libre","status":"publish","type":"post","link":"http:\/\/desarrollo.grupomedios.com\/futbol\/futbol-mexicano\/hondureno-le-rogo-a-andres-guardado-fallar-tiro-libre\/2017\/10","title":{"rendered":"Hondure\u00f1o le rog\u00f3 a Andr\u00e9s Guardado fallar tiro libre"},"content":{"rendered":"<p><strong>Honduras<\/strong> venci\u00f3 a la <strong>Selecci\u00f3n Mexicana<\/strong> por marcador de 3-2 y con ello alcanz\u00f3 el cuarto lugar en el Hexagonal final de <strong>Concacaf<\/strong> y el juego por el repechaje ante <strong>Australia<\/strong>, esto aunado a la derrota que sufri\u00f3 <strong>Estados Unidos<\/strong> ante <strong>Trinidad y Tobago<\/strong>.<\/p>\n<p>Sin embargo, el duelo vivi\u00f3 momentos de tensi\u00f3n en los minutos finales, en donde los bse dedicaron a destruir el ritmo de juego y dejar que corriera el reloj, pero en la \u00faltima jugada, el mediocampista mexicano,<strong> Andr\u00e9s Guardado<\/strong>, ten\u00eda un tiro libre importante que pod\u00eda dejar a la <strong>&#8216;H&#8217;<\/strong> fuera de toda posibilidad mundialista.<\/p>\n<p>El volante de la selecci\u00f3n hondure\u00f1a, <strong>Alfredo Mej\u00eda<\/strong> confes\u00f3 que fue a pedirle al mexicano que volara el tiro que ten\u00eda en sus botines, pues se trata de un viejo conocido para los centroamericanos:<\/p>\n<p style=\"text-align: center;\"><a href=\"https:\/\/www.futboltotal.com.mx\/15-cracks-que-extranaremos-en-rusia-2018\/2017\/10\/\" target=\"_blank\" rel=\"noopener\">VER M\u00c1S: Los 15 cracks que extra\u00f1aremos en Rusia 2018<\/a><\/p>\n<p>&#8220;Le dije que el partido estaba terminado, que ese resultado era importante; <strong>con Guardado siempre hemos tenido enfrentamientos y es una persona muy humilde<\/strong>&#8220;, confes\u00f3 para <em>LaPrensa<\/em> de Honduras. Posteriormente, para<em> Deportes TVC<\/em>, el jugador volvi\u00f3 a hacer menci\u00f3n de la petici\u00f3n que le hizo al <strong>&#8216;Principito&#8217;<\/strong>;\u00a0&#8220;en el tiro libre, <strong>le fui a decir a Guardado que lo tirara fuera<\/strong>, yo estaba nervioso porque ya sab\u00edamos los otros resultados&#8221;<\/p>\n<p><iframe loading=\"lazy\" src=\"https:\/\/www.youtube.com\/embed\/o_j4mdLxk3Q?feature=oembed\" frameborder=\"0\" allowfullscreen><\/iframe><\/p>\n<p>Al final, <strong>Andr\u00e9s Guardado<\/strong> estrell\u00f3 el bal\u00f3n en los hombres que estaban en la barrera y el silbante pit\u00f3 el final del encuentro, lo que vino acompa\u00f1ado por el j\u00fabilo de los aficionados y jugadores de <strong>Honduras<\/strong>, quienes sab\u00edan que eso los met\u00eda al repechaje para buscar su pase a <strong>Rusia 2018<\/strong>.<\/p>\n<p style=\"text-align: center;\"><a href=\"https:\/\/www.futboltotal.com.mx\/juventus-buscara-fichar-al-frances-olivier-giroud201710\/2017\/10\/\" target=\"_blank\" rel=\"noopener\">VER M\u00c1S: Juventus buscar\u00e1 fichar al delantero Olivier Giroud<\/a><\/p>\n<p>&nbsp;<\/p>\n","protected":false},"excerpt":{"rendered":"<p>El catracho sab\u00eda de los otros resultados y quer\u00eda acceder al repechaje<\/p>\n","protected":false},"author":20,"featured_media":504110,"comment_status":"closed","ping_status":"closed","sticky":false,"template":"","format":"standard","meta":[],"categories":[2198,3847],"tags":[10561,6046,282,800,65,2232],"_links":{"self":[{"href":"http:\/\/desarrollo.grupomedios.com\/futbol\/wp-json\/wp\/v2\/posts\/504104"}],"collection":[{"href":"http:\/\/desarrollo.grupomedios.com\/futbol\/wp-json\/wp\/v2\/posts"}],"about":[{"href":"http:\/\/desarrollo.grupomedios.com\/futbol\/wp-json\/wp\/v2\/types\/post"}],"author":[{"embeddable":true,"href":"http:\/\/desarrollo.grupomedios.com\/futbol\/wp-json\/wp\/v2\/users\/20"}],"replies":[{"embeddable":true,"href":"http:\/\/desarrollo.grupomedios.com\/futbol\/wp-json\/wp\/v2\/comments?post=504104"}],"version-history":[{"count":1,"href":"http:\/\/desarrollo.grupomedios.com\/futbol\/wp-json\/wp\/v2\/posts\/504104\/revisions"}],"predecessor-version":[{"id":504111,"href":"http:\/\/desarrollo.grupomedios.com\/futbol\/wp-json\/wp\/v2\/posts\/504104\/revisions\/504111"}],"wp:featuredmedia":[{"embeddable":true,"href":"http:\/\/desarrollo.grupomedios.com\/futbol\/wp-json\/wp\/v2\/media\/504110"}],"wp:attachment":[{"href":"http:\/\/desarrollo.grupomedios.com\/futbol\/wp-json\/wp\/v2\/media?parent=504104"}],"wp:term":[{"taxonomy":"category","embeddable":true,"href":"http:\/\/desarrollo.grupomedios.com\/futbol\/wp-json\/wp\/v2\/categories?post=504104"},{"taxonomy":"post_tag","embeddable":true,"href":"http:\/\/desarrollo.grupomedios.com\/futbol\/wp-json\/wp\/v2\/tags?post=504104"}],"curies":[{"name":"wp","href":"https:\/\/api.w.org\/{rel}","templated":true}]}}