{"id":504127,"date":"2017-10-11T15:43:07","date_gmt":"2017-10-11T20:43:07","guid":{"rendered":"https:\/\/www.futboltotal.com.mx\/?p=504127"},"modified":"2017-10-11T15:43:30","modified_gmt":"2017-10-11T20:43:30","slug":"manchester-united-ya-sabe-precio-gareth-bale","status":"publish","type":"post","link":"http:\/\/desarrollo.grupomedios.com\/futbol\/futbol-internacional\/manchester-united-ya-sabe-precio-gareth-bale\/2017\/10","title":{"rendered":"Manchester United ya sabe cu\u00e1l es el precio por Gareth Bale"},"content":{"rendered":"<p>El <strong>Real Madrid<\/strong> ya estar\u00eda meditando de forma seria vender al centrocampista de <strong>Gales<\/strong>, <strong>Gareth Bale<\/strong>, pues despu\u00e9s de un desempe\u00f1o irregular y varias lesiones que lo han marginado de encuentros importantes, parece que los directivos de la entidad blanca han perdido la paciencia y ya lo ven como una entrada de dinero.<\/p>\n<p>De acuerdo con el diario brit\u00e1nico\u00a0<em>The Sun<\/em>, el cuadro merengue ya le habr\u00eda puesto precio al jugador brit\u00e1nico, para los posibles pretendientes que deseen tener al jugador. A pesar que tanto <strong>Florentino P\u00e9rez<\/strong> como el estratega,<strong>\u00a0Zinedine Zidane,<\/strong> han declarado su respaldo por el jugador, ya se especula muy fuerte desde el seno madridista que no seguir\u00e1 en el club.<\/p>\n<p style=\"text-align: center;\"><a href=\"https:\/\/www.futboltotal.com.mx\/15-cracks-que-extranaremos-en-rusia-2018\/2017\/10\/\" target=\"_blank\" rel=\"noopener\">VER M\u00c1S: 15 cracks que extra\u00f1aremos en Rusia 2018<\/a><\/p>\n<p>El rotativo indica que el precio de <strong>Bale<\/strong> rondar\u00eda las <strong>89 millones de libras esterlinas,<\/strong> que ser\u00edan cerca de <strong>100 millones de euros<\/strong>, que ser\u00eda una cifra muy cercana a la que pag\u00f3 por el al <strong>Tottenham Hotspur<\/strong> en 2013 para que llegara al cuadro merengue. Lo que resultar\u00eda en un gran negocio para los merengues, tomando en cuenta que el futbolista no ha brillado tanto como para alcanzar un mejor precio.<\/p>\n<p>El <strong>Manchester United<\/strong> ser\u00eda el principal interesado en llevarse al futbolista, pues se ha convertido en una aut\u00e9ntica obsesi\u00f3n para el estratega, <strong>Jos\u00e9 Mourinho<\/strong>, quien planea convertirlo en un referente del equipo y pedir\u00eda a los <strong>Red Devils<\/strong> lancen sus redes por el jugador de <strong>28 a\u00f1os<\/strong> en el pr\u00f3ximo verano.<\/p>\n<p style=\"text-align: center;\"><a href=\"https:\/\/www.futboltotal.com.mx\/juventus-buscara-fichar-al-frances-olivier-giroud201710\/2017\/10\/\" target=\"_blank\" rel=\"noopener\">VER M\u00c1S: Juventus buscar\u00e1 fichar a Olivier Giroud<\/a><\/p>\n<p>&nbsp;<\/p>\n","protected":false},"excerpt":{"rendered":"<p>El futbolista no ha dejado buenas sensaciones con los merengues<\/p>\n","protected":false},"author":20,"featured_media":504134,"comment_status":"closed","ping_status":"closed","sticky":false,"template":"","format":"standard","meta":[],"categories":[3839],"tags":[6043,43,5988],"_links":{"self":[{"href":"http:\/\/desarrollo.grupomedios.com\/futbol\/wp-json\/wp\/v2\/posts\/504127"}],"collection":[{"href":"http:\/\/desarrollo.grupomedios.com\/futbol\/wp-json\/wp\/v2\/posts"}],"about":[{"href":"http:\/\/desarrollo.grupomedios.com\/futbol\/wp-json\/wp\/v2\/types\/post"}],"author":[{"embeddable":true,"href":"http:\/\/desarrollo.grupomedios.com\/futbol\/wp-json\/wp\/v2\/users\/20"}],"replies":[{"embeddable":true,"href":"http:\/\/desarrollo.grupomedios.com\/futbol\/wp-json\/wp\/v2\/comments?post=504127"}],"version-history":[{"count":1,"href":"http:\/\/desarrollo.grupomedios.com\/futbol\/wp-json\/wp\/v2\/posts\/504127\/revisions"}],"predecessor-version":[{"id":504135,"href":"http:\/\/desarrollo.grupomedios.com\/futbol\/wp-json\/wp\/v2\/posts\/504127\/revisions\/504135"}],"wp:featuredmedia":[{"embeddable":true,"href":"http:\/\/desarrollo.grupomedios.com\/futbol\/wp-json\/wp\/v2\/media\/504134"}],"wp:attachment":[{"href":"http:\/\/desarrollo.grupomedios.com\/futbol\/wp-json\/wp\/v2\/media?parent=504127"}],"wp:term":[{"taxonomy":"category","embeddable":true,"href":"http:\/\/desarrollo.grupomedios.com\/futbol\/wp-json\/wp\/v2\/categories?post=504127"},{"taxonomy":"post_tag","embeddable":true,"href":"http:\/\/desarrollo.grupomedios.com\/futbol\/wp-json\/wp\/v2\/tags?post=504127"}],"curies":[{"name":"wp","href":"https:\/\/api.w.org\/{rel}","templated":true}]}}