{"id":504144,"date":"2017-10-11T16:20:10","date_gmt":"2017-10-11T21:20:10","guid":{"rendered":"https:\/\/www.futboltotal.com.mx\/?p=504144"},"modified":"2017-10-12T11:52:42","modified_gmt":"2017-10-12T16:52:42","slug":"en-pumas-la-estamos-pasando-peor-en-chile-marcelo-diaz","status":"publish","type":"post","link":"http:\/\/desarrollo.grupomedios.com\/futbol\/futbol-mexicano\/en-pumas-la-estamos-pasando-peor-en-chile-marcelo-diaz\/2017\/10","title":{"rendered":"En Pumas la estamos pasando peor que en Chile: Marcelo D\u00edaz"},"content":{"rendered":"<p>El mediocampista de <strong>Pumas<\/strong>,\u00a0<strong>Marcelo D\u00edaz,\u00a0<\/strong>lament\u00f3 que la <strong>Selecci\u00f3n de Chile<\/strong> no haya logrado calificar al Mundial de <strong>Rusia 2018<\/strong> y expres\u00f3 que por el momento solo se encuentra enfocado en los momentos que vive con Pumas, quien por el momento es \u00faltimo lugar de la tabla general en el actual Apertura 2017.<\/p>\n<p>&#8220;<strong>En\u00a0Pumas\u00a0la estamos pasando peor que en mi Selecci\u00f3n<\/strong> y por eso vengo a dar la cara y s\u00f3lo hablar de\u00a0Pumas. El \u00e1nimo est\u00e1 bien, no me queda otra que seguir as\u00ed porque soy de los m\u00e1s grandes de la plantilla y tengo que remar y sacarlos adelante. <strong>Quiero clasificar aunque sea muy dif\u00edcil<\/strong>, pero matem\u00e1ticamente s\u00ed es posible, y a c\u00f3mo estamos trabajando y la mentalidad que tenemos, yo creo que s\u00ed lo podemos lograr y tenemos que ganar como sea&#8221;, expres\u00f3 el jugador de Pumas.<\/p>\n<p style=\"text-align: center;\"><a href=\"https:\/\/www.futboltotal.com.mx\/15-cracks-que-extranaremos-en-rusia-2018\/2017\/10\/\" target=\"_blank\" rel=\"noopener\">VER M\u00c1S: 15 cracks que extra\u00f1aremos en Rusia 2018<\/a><\/p>\n<p>Por otro lado, no quit\u00f3 responsabilidades dentro del plantel y expres\u00f3 que todos son culpables del mal momento que est\u00e1 viviendo la instituci\u00f3n e intent\u00f3 que de no lograr detenerse y comenzar de cero, podr\u00edan venirse cosas peores para los universitarios.<\/p>\n<div class=\"field field-name-body field-type-text-with-summary field-label-hidden txt_nota\">\n<div class=\"field-items\">\n<div class=\"field-item even\">\n<p>&#8220;Necesitamos salir de esta situaci\u00f3n porque el club no se merece esto y no vamos a descansar hasta salir.\u00a0Hemos quedado todos a deber, <strong>todos somos responsables<\/strong>, pero hay que estar positivos y pensar que e<strong>l s\u00e1bado empieza un nuevo campeonato<\/strong> porque este club y estos jugadores merecer una alegr\u00eda&#8221;, finaliz\u00f3 el mediocampista chileno.<\/p>\n<p style=\"text-align: center;\"><a href=\"https:\/\/www.futboltotal.com.mx\/manchester-united-ya-sabe-precio-gareth-bale\/2017\/10\/\" target=\"_blank\" rel=\"noopener\">VER M\u00c1S: Manchester United ya conoce el precio por Gareth Bale<\/a><\/p>\n<\/div>\n<\/div>\n<\/div>\n<div class=\"field field-name-notas-relacionadas-article field-type-ds field-label-hidden\"><\/div>\n","protected":false},"excerpt":{"rendered":"<p>El mediocampista quiere un nuevo comienzo para los universitarios<\/p>\n","protected":false},"author":20,"featured_media":504149,"comment_status":"closed","ping_status":"closed","sticky":false,"template":"","format":"standard","meta":[],"categories":[2198,3845],"tags":[8357,406,64,9271,74],"_links":{"self":[{"href":"http:\/\/desarrollo.grupomedios.com\/futbol\/wp-json\/wp\/v2\/posts\/504144"}],"collection":[{"href":"http:\/\/desarrollo.grupomedios.com\/futbol\/wp-json\/wp\/v2\/posts"}],"about":[{"href":"http:\/\/desarrollo.grupomedios.com\/futbol\/wp-json\/wp\/v2\/types\/post"}],"author":[{"embeddable":true,"href":"http:\/\/desarrollo.grupomedios.com\/futbol\/wp-json\/wp\/v2\/users\/20"}],"replies":[{"embeddable":true,"href":"http:\/\/desarrollo.grupomedios.com\/futbol\/wp-json\/wp\/v2\/comments?post=504144"}],"version-history":[{"count":1,"href":"http:\/\/desarrollo.grupomedios.com\/futbol\/wp-json\/wp\/v2\/posts\/504144\/revisions"}],"predecessor-version":[{"id":504151,"href":"http:\/\/desarrollo.grupomedios.com\/futbol\/wp-json\/wp\/v2\/posts\/504144\/revisions\/504151"}],"wp:featuredmedia":[{"embeddable":true,"href":"http:\/\/desarrollo.grupomedios.com\/futbol\/wp-json\/wp\/v2\/media\/504149"}],"wp:attachment":[{"href":"http:\/\/desarrollo.grupomedios.com\/futbol\/wp-json\/wp\/v2\/media?parent=504144"}],"wp:term":[{"taxonomy":"category","embeddable":true,"href":"http:\/\/desarrollo.grupomedios.com\/futbol\/wp-json\/wp\/v2\/categories?post=504144"},{"taxonomy":"post_tag","embeddable":true,"href":"http:\/\/desarrollo.grupomedios.com\/futbol\/wp-json\/wp\/v2\/tags?post=504144"}],"curies":[{"name":"wp","href":"https:\/\/api.w.org\/{rel}","templated":true}]}}