{"id":504174,"date":"2017-10-11T17:59:50","date_gmt":"2017-10-11T22:59:50","guid":{"rendered":"https:\/\/www.futboltotal.com.mx\/?p=504174"},"modified":"2017-10-11T18:01:29","modified_gmt":"2017-10-11T23:01:29","slug":"bofo-bautista-trolleo-a-chile-eliminacion-del-mundial","status":"publish","type":"post","link":"http:\/\/desarrollo.grupomedios.com\/futbol\/futbol-mexicano\/bofo-bautista-trolleo-a-chile-eliminacion-del-mundial\/2017\/10","title":{"rendered":"Bofo Bautista trolle\u00f3 a Chile por eliminaci\u00f3n del Mundial"},"content":{"rendered":"<p>El <strong>Bofo Bautista<\/strong> siempre ha sido de los jugadores m\u00e1s pol\u00e9micos y a pesar de que ya est\u00e1 retirado, sigue haciendo de las suyas a trav\u00e9s de las redes sociales.<\/p>\n<p>A trav\u00e9s de su cuenta de Twitter, el ex jugador de las <strong>Chivas<\/strong> se burl\u00f3 de la eliminaci\u00f3n de<strong> Chile<\/strong> a manos de <strong>Brasil<\/strong> y que dej\u00f3 a los andinos fuera de la <strong>Copa del Mundo de Rusia 2018<\/strong>.<\/p>\n<p>El Bofo colg\u00f3 una imagen del delantero de la Roja y de <strong>Tigres<\/strong>, <strong>Eduardo Vargas<\/strong>, donde aparece festejando, aunque Bautista prefiri\u00f3 ponerle un \u201cSsssssin Mundial\u201d.<\/p>\n<p><a href=\"https:\/\/www.futboltotal.com.mx\/wp-content\/uploads\/2017\/10\/bofo-bautista-chivas.jpg\"><img decoding=\"async\" loading=\"lazy\" class=\"size-full wp-image-504176 aligncenter\" src=\"https:\/\/www.futboltotal.com.mx\/wp-content\/uploads\/2017\/10\/bofo-bautista-chivas.jpg\" alt=\"Bofo Bautista trolle\u00f3 a Chile por eliminaci\u00f3n del Mundial 0\" srcset=\"http:\/\/desarrollo.grupomedios.com\/futbol\/wp-content\/uploads\/2017\/10\/bofo-bautista-chivas.jpg 588w, http:\/\/desarrollo.grupomedios.com\/futbol\/wp-content\/uploads\/2017\/10\/bofo-bautista-chivas-290x300.jpg 290w\" sizes=\"(max-width: 588px) 100vw, 588px\" \/><\/a><\/p>\n<p>La afici\u00f3n recuerda bien a Adolfo Bautista por sus buenas actuaciones con el Reba\u00f1o Sagrado y sus po\u00e9micas acciones dentro del campo, como la de que realiz\u00f3 cuando Chivas disput\u00f3 la Final de la Copa Libertadores ante el Inter de Porto Alegre en Brasil.<\/p>\n<p><iframe loading=\"lazy\" src=\"https:\/\/www.youtube.com\/embed\/oGz8XXQgzbY?feature=oembed\" frameborder=\"0\" allowfullscreen><\/iframe><\/p>\n","protected":false},"excerpt":{"rendered":"<p>El Bofo se burl\u00f3 a trav\u00e9s de su cuenta de Twitter.<\/p>\n","protected":false},"author":20,"featured_media":504178,"comment_status":"closed","ping_status":"closed","sticky":false,"template":"","format":"standard","meta":[],"categories":[2198,3845],"tags":[5512,406,70,5994],"_links":{"self":[{"href":"http:\/\/desarrollo.grupomedios.com\/futbol\/wp-json\/wp\/v2\/posts\/504174"}],"collection":[{"href":"http:\/\/desarrollo.grupomedios.com\/futbol\/wp-json\/wp\/v2\/posts"}],"about":[{"href":"http:\/\/desarrollo.grupomedios.com\/futbol\/wp-json\/wp\/v2\/types\/post"}],"author":[{"embeddable":true,"href":"http:\/\/desarrollo.grupomedios.com\/futbol\/wp-json\/wp\/v2\/users\/20"}],"replies":[{"embeddable":true,"href":"http:\/\/desarrollo.grupomedios.com\/futbol\/wp-json\/wp\/v2\/comments?post=504174"}],"version-history":[{"count":1,"href":"http:\/\/desarrollo.grupomedios.com\/futbol\/wp-json\/wp\/v2\/posts\/504174\/revisions"}],"predecessor-version":[{"id":504179,"href":"http:\/\/desarrollo.grupomedios.com\/futbol\/wp-json\/wp\/v2\/posts\/504174\/revisions\/504179"}],"wp:featuredmedia":[{"embeddable":true,"href":"http:\/\/desarrollo.grupomedios.com\/futbol\/wp-json\/wp\/v2\/media\/504178"}],"wp:attachment":[{"href":"http:\/\/desarrollo.grupomedios.com\/futbol\/wp-json\/wp\/v2\/media?parent=504174"}],"wp:term":[{"taxonomy":"category","embeddable":true,"href":"http:\/\/desarrollo.grupomedios.com\/futbol\/wp-json\/wp\/v2\/categories?post=504174"},{"taxonomy":"post_tag","embeddable":true,"href":"http:\/\/desarrollo.grupomedios.com\/futbol\/wp-json\/wp\/v2\/tags?post=504174"}],"curies":[{"name":"wp","href":"https:\/\/api.w.org\/{rel}","templated":true}]}}