{"id":504180,"date":"2017-10-11T18:21:22","date_gmt":"2017-10-11T23:21:22","guid":{"rendered":"https:\/\/www.futboltotal.com.mx\/?p=504180"},"modified":"2017-10-11T18:23:08","modified_gmt":"2017-10-11T23:23:08","slug":"julio-cesar-chavez-muestra-esta-en-forma-volver-a-pelear","status":"publish","type":"post","link":"http:\/\/desarrollo.grupomedios.com\/futbol\/cambio-de-juego\/julio-cesar-chavez-muestra-esta-en-forma-volver-a-pelear\/2017\/10","title":{"rendered":"Julio C\u00e9sar Ch\u00e1vez muestra que est\u00e1 en forma para &#8216;volver&#8217; a pelear"},"content":{"rendered":"<p><strong>Julio C\u00e9sar Ch\u00e1vez<\/strong> no pierde el estilo y sigue demostrando la gran forma que tiene a su 55 a\u00f1os de edad, pues el &#8220;Gran Campe\u00f3n Mexicano&#8221; ha mostrado una vez m\u00e1s su t\u00e9cnica y golpeo que lo llev\u00f3 a la cima en el box durante los a\u00f1os 80 y 90.<\/p>\n<p><strong>Ch\u00e1vez<\/strong> comparti\u00f3 un video en sus redes sociales, donde se le ve entrenando para la pelea de exhibici\u00f3n que sostendr\u00e1 este viernes 13 de octubre en <strong>Ciudad Obreg\u00f3n, Sonora<\/strong>, donde mostr\u00f3 que sigue en gran forma.<\/p>\n<p>Adem\u00e1s de su exhibici\u00f3n en el cuadril\u00e1tero, ese mismo d\u00eda ofrecer\u00e1 una magistral conferencia dirigida a la juventud, donde estar\u00e1 acompa\u00f1ado de <strong>Carlos Aguilar<\/strong> y <strong>Eduardo Lamaz\u00f3n<\/strong>, equipo de <strong>Box Azteca<\/strong>. La funci\u00f3n tendr\u00e1 precios accesibles, desde 150 pesos, adem\u00e1s de que los ni\u00f1os pagar\u00e1n \u00fanicamente 50 pesos.<\/p>\n<p style=\"text-align: center;\"><span style=\"color: #3366ff;\"><a href=\"https:\/\/www.futboltotal.com.mx\/copa-mundial-2018\/11-infame-del-cierre-eliminatorias-al-mundial-rusia-2018\/\">VER M\u00c1S: El 11 infame del cierre de Eliminatorias al Mundial Rusia 2018<\/a><\/span><\/p>\n<blockquote class=\"twitter-tweet\" data-width=\"500\">\n<p lang=\"es\" dir=\"ltr\">Mi \u00faltimo entrenamiento en Tijuana para luego partir a la Tierra que me vio nacer y hacer lo que m\u00e1s me gusta  <a href=\"https:\/\/twitter.com\/hashtag\/nosopierdan?src=hash&amp;ref_src=twsrc%5Etfw\">#nosopierdan<\/a> <a href=\"https:\/\/twitter.com\/hashtag\/arenaitson?src=hash&amp;ref_src=twsrc%5Etfw\">#arenaitson<\/a> <a href=\"https:\/\/t.co\/GVLlLlmDYP\">pic.twitter.com\/GVLlLlmDYP<\/a><\/p>\n<p>&mdash; Julio C\u00e9sar Ch\u00e1vez (@Jcchavez115) <a href=\"https:\/\/twitter.com\/Jcchavez115\/status\/918203015848325120?ref_src=twsrc%5Etfw\">October 11, 2017<\/a><\/p><\/blockquote>\n<p><script async src=\"\/\/platform.twitter.com\/widgets.js\" charset=\"utf-8\"><\/script><\/p>\n","protected":false},"excerpt":{"rendered":"<p>El ex boxceador mexicano mostr\u00f3 que a\u00fan mantiene su t\u00e9cnica.<\/p>\n","protected":false},"author":20,"featured_media":504185,"comment_status":"closed","ping_status":"closed","sticky":false,"template":"","format":"standard","meta":[],"categories":[6282,5419,6411],"tags":[5936,7820],"_links":{"self":[{"href":"http:\/\/desarrollo.grupomedios.com\/futbol\/wp-json\/wp\/v2\/posts\/504180"}],"collection":[{"href":"http:\/\/desarrollo.grupomedios.com\/futbol\/wp-json\/wp\/v2\/posts"}],"about":[{"href":"http:\/\/desarrollo.grupomedios.com\/futbol\/wp-json\/wp\/v2\/types\/post"}],"author":[{"embeddable":true,"href":"http:\/\/desarrollo.grupomedios.com\/futbol\/wp-json\/wp\/v2\/users\/20"}],"replies":[{"embeddable":true,"href":"http:\/\/desarrollo.grupomedios.com\/futbol\/wp-json\/wp\/v2\/comments?post=504180"}],"version-history":[{"count":1,"href":"http:\/\/desarrollo.grupomedios.com\/futbol\/wp-json\/wp\/v2\/posts\/504180\/revisions"}],"predecessor-version":[{"id":504186,"href":"http:\/\/desarrollo.grupomedios.com\/futbol\/wp-json\/wp\/v2\/posts\/504180\/revisions\/504186"}],"wp:featuredmedia":[{"embeddable":true,"href":"http:\/\/desarrollo.grupomedios.com\/futbol\/wp-json\/wp\/v2\/media\/504185"}],"wp:attachment":[{"href":"http:\/\/desarrollo.grupomedios.com\/futbol\/wp-json\/wp\/v2\/media?parent=504180"}],"wp:term":[{"taxonomy":"category","embeddable":true,"href":"http:\/\/desarrollo.grupomedios.com\/futbol\/wp-json\/wp\/v2\/categories?post=504180"},{"taxonomy":"post_tag","embeddable":true,"href":"http:\/\/desarrollo.grupomedios.com\/futbol\/wp-json\/wp\/v2\/tags?post=504180"}],"curies":[{"name":"wp","href":"https:\/\/api.w.org\/{rel}","templated":true}]}}