{"id":504225,"date":"2017-10-12T09:35:37","date_gmt":"2017-10-12T14:35:37","guid":{"rendered":"https:\/\/www.futboltotal.com.mx\/?p=504225"},"modified":"2017-10-12T10:04:43","modified_gmt":"2017-10-12T15:04:43","slug":"jack-warner-se-burla-la-eliminacion-estados-unidos","status":"publish","type":"post","link":"http:\/\/desarrollo.grupomedios.com\/futbol\/futbol-internacional\/jack-warner-se-burla-la-eliminacion-estados-unidos\/2017\/10","title":{"rendered":"Jack Warner se burla de la eliminaci\u00f3n de Estados Unidos"},"content":{"rendered":"<p>Las burlas siguen sobre la selecci\u00f3n de <strong>Estados Unidos<\/strong> que qued\u00f3 eliminada en la clasificaci\u00f3n rumbo al <strong>Mundial Rusia 2018<\/strong> tras <a href=\"https:\/\/www.futboltotal.com.mx\/trinidad-tobago-deja-a-estados-unidos-sin-mundial\/2017\/10\/\" target=\"_blank\" rel=\"noopener\"><span style=\"color: #333399;\">perder ante <strong>Trinidad y Tobago<\/strong><\/span><\/a>\u00a0y el ex vicepresidente de la <strong>FIFA<\/strong>, <strong>Jack Warner<\/strong>, manifest\u00f3 su alegr\u00eda al respecto.<\/p>\n<p>&#8220;Quer\u00eda ser parte de esa fiesta. Nunca he estado tan alegre como entonces, este es el d\u00eda m\u00e1s feliz de mi vida&#8221;, declar\u00f3 a una estaci\u00f3n de radio el otrora directivo trinitario, quien en 2015 fue expulsado de toda actividad futbol\u00edstica profesional tras ser acusado por tribunales estadounidenses de corrupci\u00f3n,\u00a0fraude, chantaje y lavado de dinero.<\/p>\n<p style=\"text-align: center;\"><a href=\"https:\/\/www.futboltotal.com.mx\/estadio-azul-vivira-ultimo-cruz-azul-vs-america\/2017\/10\/\" target=\"_blank\" rel=\"noopener\"><span style=\"color: #333399;\">VER M\u00c1S: El Estadio Azul vivir\u00e1 su \u00faltimo Cruz Azul vs. Am\u00e9rica<\/span><\/a><\/p>\n<p>&#8220;(Estados Unidos redujo) el futbol en la <strong>Concacaf<\/strong> a una pesadilla, que han utilizado a su gobierno para ayudar a desmembrar a la FIFA de una manera inimaginable y anoche en el campo de juego Trinidad y Tobago los puso de rodillas.<\/p>\n<p>&#8220;Para m\u00ed, Estados Unidos se ha convertido en un hazmerre\u00edr. En lo que a m\u00ed respecta, este es el comienzo del fin del futbol estadounidense. A nadie en Concacaf le gusta Estados Unidos&#8221;,\u00a0mencion\u00f3 Warner, quien vivi\u00f3 el triunfo de su selecci\u00f3n como una venganza personal.<\/p>\n<p>&#8220;El pasado 27 de septiembre, cuando el juez fall\u00f3 en contra de Jack Warner, hubo una fiesta en Estados Unidos, estaban muy felices. Sabiendo que esto ha ocurrido, quer\u00eda salir y festejar como festejaron ellos en septiembre pasado cuando un juez fall\u00f3 en mi contra. Yo quer\u00eda ir de fiesta&#8221;, confes\u00f3 el trinitario.<\/p>\n","protected":false},"excerpt":{"rendered":"<p>El ex vicepresidente de FIFA celebr\u00f3 la derrota estadounidense ante su selecci\u00f3n.<\/p>\n","protected":false},"author":20,"featured_media":504227,"comment_status":"closed","ping_status":"closed","sticky":false,"template":"","format":"standard","meta":[],"categories":[3839],"tags":[310,5510,5829,1084],"_links":{"self":[{"href":"http:\/\/desarrollo.grupomedios.com\/futbol\/wp-json\/wp\/v2\/posts\/504225"}],"collection":[{"href":"http:\/\/desarrollo.grupomedios.com\/futbol\/wp-json\/wp\/v2\/posts"}],"about":[{"href":"http:\/\/desarrollo.grupomedios.com\/futbol\/wp-json\/wp\/v2\/types\/post"}],"author":[{"embeddable":true,"href":"http:\/\/desarrollo.grupomedios.com\/futbol\/wp-json\/wp\/v2\/users\/20"}],"replies":[{"embeddable":true,"href":"http:\/\/desarrollo.grupomedios.com\/futbol\/wp-json\/wp\/v2\/comments?post=504225"}],"version-history":[{"count":1,"href":"http:\/\/desarrollo.grupomedios.com\/futbol\/wp-json\/wp\/v2\/posts\/504225\/revisions"}],"predecessor-version":[{"id":504229,"href":"http:\/\/desarrollo.grupomedios.com\/futbol\/wp-json\/wp\/v2\/posts\/504225\/revisions\/504229"}],"wp:featuredmedia":[{"embeddable":true,"href":"http:\/\/desarrollo.grupomedios.com\/futbol\/wp-json\/wp\/v2\/media\/504227"}],"wp:attachment":[{"href":"http:\/\/desarrollo.grupomedios.com\/futbol\/wp-json\/wp\/v2\/media?parent=504225"}],"wp:term":[{"taxonomy":"category","embeddable":true,"href":"http:\/\/desarrollo.grupomedios.com\/futbol\/wp-json\/wp\/v2\/categories?post=504225"},{"taxonomy":"post_tag","embeddable":true,"href":"http:\/\/desarrollo.grupomedios.com\/futbol\/wp-json\/wp\/v2\/tags?post=504225"}],"curies":[{"name":"wp","href":"https:\/\/api.w.org\/{rel}","templated":true}]}}