{"id":504231,"date":"2017-10-12T09:55:24","date_gmt":"2017-10-12T14:55:24","guid":{"rendered":"https:\/\/www.futboltotal.com.mx\/?p=504231"},"modified":"2017-10-12T11:41:45","modified_gmt":"2017-10-12T16:41:45","slug":"alan-pulido-recibio-regalo-cristiano-ronaldo","status":"publish","type":"post","link":"http:\/\/desarrollo.grupomedios.com\/futbol\/futbol-mexicano\/alan-pulido-recibio-regalo-cristiano-ronaldo\/2017\/10","title":{"rendered":"Alan Pulido recibi\u00f3 un regalo de Cristiano Ronaldo"},"content":{"rendered":"<p>El delantero de las <strong>Chivas<\/strong>, <strong>Alan Pulido<\/strong> recibi\u00f3 un regalo especial de uno de los mejores futbolistas del mundo y no tardo en presumirlo a trav\u00e9s de sus redes sociales.<\/p>\n<p><strong>Cristiano Ronaldo<\/strong>, delantero del <strong>Real Madrid<\/strong>, mand\u00f3 una playera de <strong>Portugal<\/strong> firmada por \u00e9l al jugador del <strong>Reba\u00f1o<\/strong>, as\u00ed lo hizo saber a trav\u00e9s de su cuenta de Instagram, donde agradeci\u00f3 el detalle por parte del portugu\u00e9s.<\/p>\n<p style=\"text-align: center;\"><a href=\"https:\/\/www.futboltotal.com.mx\/estadio-azul-vivira-ultimo-cruz-azul-vs-america\/2017\/10\/\" target=\"_blank\" rel=\"noopener\">VER M\u00c1S: Estadio Azul vivir\u00e1 su \u00faltimo Cruz Azul vs Chivas<\/a><\/p>\n<p><strong>\u201cQu\u00e9 buen detalle de mi \u00eddolo Cristiano. El mejor del mundo. Much\u00edsimas gracias, crack\u201d,<\/strong> escribi\u00f3 el delantero oriundo de Tamaulipas a trav\u00e9s de sus redes sociales. En la imagen se logra ver la playera de Portugal con la firma estampada por el futbolista del Real Madrid.<\/p>\n<p><a href=\"https:\/\/www.futboltotal.com.mx\/wp-content\/uploads\/2017\/10\/alan-pulido-cristiano-ronaldo.jpg\"><img decoding=\"async\" loading=\"lazy\" class=\"wp-image-504233 size-full aligncenter\" src=\"https:\/\/www.futboltotal.com.mx\/wp-content\/uploads\/2017\/10\/alan-pulido-cristiano-ronaldo.jpg\" alt=\"Alan Pulido recibi\u00f3 un regalo de Cristiano Ronaldo 0\" srcset=\"http:\/\/desarrollo.grupomedios.com\/futbol\/wp-content\/uploads\/2017\/10\/alan-pulido-cristiano-ronaldo.jpg 828w, http:\/\/desarrollo.grupomedios.com\/futbol\/wp-content\/uploads\/2017\/10\/alan-pulido-cristiano-ronaldo-169x300.jpg 169w, http:\/\/desarrollo.grupomedios.com\/futbol\/wp-content\/uploads\/2017\/10\/alan-pulido-cristiano-ronaldo-768x1365.jpg 768w, http:\/\/desarrollo.grupomedios.com\/futbol\/wp-content\/uploads\/2017\/10\/alan-pulido-cristiano-ronaldo-576x1024.jpg 576w\" sizes=\"(max-width: 828px) 100vw, 828px\" \/><\/a><\/p>\n<p>El delantero <strong>Rojiblanco<\/strong> ha vivido un torneo complicado, pues debido a la lesi\u00f3n que sufri\u00f3 con la <strong>Selecci\u00f3n Mexicana<\/strong> no pudo comenzar el <strong>Apertura 2017<\/strong> y al momento apenas suma 2 juegos y 92 minutos; no ha logrado anotar gol.<\/p>\n<p style=\"text-align: center;\"><a href=\"https:\/\/www.futboltotal.com.mx\/conoce-a-potencias-mexico-evitara-en-fase-grupos-del-mundial\/2017\/10\/\" target=\"_blank\" rel=\"noopener\">VER M\u00c1S: Las potencias que M\u00e9xico evitar\u00e1 en fase de grupos de Rusia 2018<\/a><\/p>\n","protected":false},"excerpt":{"rendered":"<p>El delantero de Chivas presumi\u00f3 el regalo<\/p>\n","protected":false},"author":20,"featured_media":504235,"comment_status":"closed","ping_status":"closed","sticky":false,"template":"","format":"standard","meta":[],"categories":[2198,3845],"tags":[1607,8357,70,6013,64],"_links":{"self":[{"href":"http:\/\/desarrollo.grupomedios.com\/futbol\/wp-json\/wp\/v2\/posts\/504231"}],"collection":[{"href":"http:\/\/desarrollo.grupomedios.com\/futbol\/wp-json\/wp\/v2\/posts"}],"about":[{"href":"http:\/\/desarrollo.grupomedios.com\/futbol\/wp-json\/wp\/v2\/types\/post"}],"author":[{"embeddable":true,"href":"http:\/\/desarrollo.grupomedios.com\/futbol\/wp-json\/wp\/v2\/users\/20"}],"replies":[{"embeddable":true,"href":"http:\/\/desarrollo.grupomedios.com\/futbol\/wp-json\/wp\/v2\/comments?post=504231"}],"version-history":[{"count":2,"href":"http:\/\/desarrollo.grupomedios.com\/futbol\/wp-json\/wp\/v2\/posts\/504231\/revisions"}],"predecessor-version":[{"id":504242,"href":"http:\/\/desarrollo.grupomedios.com\/futbol\/wp-json\/wp\/v2\/posts\/504231\/revisions\/504242"}],"wp:featuredmedia":[{"embeddable":true,"href":"http:\/\/desarrollo.grupomedios.com\/futbol\/wp-json\/wp\/v2\/media\/504235"}],"wp:attachment":[{"href":"http:\/\/desarrollo.grupomedios.com\/futbol\/wp-json\/wp\/v2\/media?parent=504231"}],"wp:term":[{"taxonomy":"category","embeddable":true,"href":"http:\/\/desarrollo.grupomedios.com\/futbol\/wp-json\/wp\/v2\/categories?post=504231"},{"taxonomy":"post_tag","embeddable":true,"href":"http:\/\/desarrollo.grupomedios.com\/futbol\/wp-json\/wp\/v2\/tags?post=504231"}],"curies":[{"name":"wp","href":"https:\/\/api.w.org\/{rel}","templated":true}]}}