{"id":504232,"date":"2017-10-12T10:05:45","date_gmt":"2017-10-12T15:05:45","guid":{"rendered":"https:\/\/www.futboltotal.com.mx\/?p=504232"},"modified":"2017-10-12T10:17:11","modified_gmt":"2017-10-12T15:17:11","slug":"cesar-villaluz-jugara-en-europa-gracias-a-tecnico-mexicano","status":"publish","type":"post","link":"http:\/\/desarrollo.grupomedios.com\/futbol\/futbol-mexicano\/cesar-villaluz-jugara-en-europa-gracias-a-tecnico-mexicano\/2017\/10","title":{"rendered":"C\u00e9sar Villaluz jugar\u00e1 en Europa gracias a un t\u00e9cnico mexicano"},"content":{"rendered":"<p>La carrera deportiva de <strong>C\u00e9sar Villaluz<\/strong>, parte de la <strong>Selecci\u00f3n Mexicana<\/strong> que fue campeona del <strong>Mundial<\/strong>\u00a0<strong>Sub 17<\/strong> en 2005, ha vivido una ca\u00edda en los \u00faltimos a\u00f1os, pero al ex jugador del <strong>Cruz Azul<\/strong> se le ha presentado la oportunidad de jugar en <strong>Europa<\/strong> gracias a un t\u00e9cnico mexicano.<\/p>\n<p>En d\u00edas pasados se dio a conocer que <a href=\"https:\/\/www.futboltotal.com.mx\/cesar-villaluz-jugara-en-futbol-europeo\/2017\/10\/\" target=\"_blank\" rel=\"noopener\"><span style=\"color: #333399;\">Villaluz jugar\u00e1 en el futbol de <strong>Espa\u00f1a<\/strong><\/span><\/a> con el\u00a0<b>Polideportivo Cacere\u00f1o <\/b>de la <strong>Segunda Divisi\u00f3n B<\/strong>, pero esto no ser\u00eda posible sin la ayuda que le brind\u00f3 un t\u00e9cnico mexicano para poder llegar al futbol del Viejo Continente.<\/p>\n<p>&#8220;Con la situaci\u00f3n de <strong>Jaguares<\/strong> (equipo al que pertenec\u00eda su carta), que lo desafiliaron, qued\u00e9 libre y <b>Ra\u00fal Arias<\/b> me coment\u00f3 si quer\u00eda ir, que era una buena oportunidad porque era jugador libre y de inmediato la acept\u00e9&#8221;, declar\u00f3 el jugador en entrevista con Medio Tiempo.<\/p>\n<p style=\"text-align: center;\"><a href=\"https:\/\/www.futboltotal.com.mx\/estadio-azul-vivira-ultimo-cruz-azul-vs-america\/2017\/10\/\" target=\"_blank\" rel=\"noopener\"><span style=\"color: #333399;\">VER M\u00c1S: El Estadio Azul vivir\u00e1 su \u00faltimo Cruz Azul vs. Am\u00e9rica<\/span><\/a><\/p>\n<p>C\u00e9sar ha vivido un peregrinar por clubes de Liga MX y Ascenso MX en los \u00faltimos a\u00f1os, por lo que quiere aprovechar esta puerta que se le ha abierto.<\/p>\n<p>&#8220;Entre lo bueno de lo malo que pas\u00f3 es que se abri\u00f3 esa posibilidad. Ahora tengo la oportunidad de probar otro tipo de futbol y con eso poder aportar m\u00e1s. Uno siempre se pone de objetivo jugar en Europa y ahora quiero aprovecharla para tener cosas importantes. La idea es recuperar el nivel, estar en Europa es algo bueno&#8221;, declar\u00f3 el volante ofensivo.<\/p>\n<p>En los \u00faltimos meses, Villaluz se ha mantenido en forma f\u00edsica trabajando por su cuenta y tambi\u00e9n con el equipo de la <strong>Comisi\u00f3n del Jugador<\/strong> en Guadalajara, pero sabe que no est\u00e1 en su mejor condici\u00f3n, lo que buscar\u00e1 solucionar a la brevedad, a\u00fan a la espera de que Espa\u00f1a le otorgue la visa de trabajo.<\/p>\n<p>&#8220;Me siento bien pero con el trabajo de los partidos ir\u00e9 mejorando e ir\u00e9 haciendo m\u00e1s minutos con ritmo. Hice una etapa en una segunda divisi\u00f3n en San Miguel de Allende que tambi\u00e9n pertenece al grupo donde est\u00e1 trabajando Ra\u00fal Arias y en Guadalajara Melvin Brown me invit\u00f3 al equipo de la Comisi\u00f3n del Jugador&#8221;, agreg\u00f3.<\/p>\n","protected":false},"excerpt":{"rendered":"<p>El ex jugador del Cruz Azul intentar\u00e1 recuperar su carrera en el futbol de Espa\u00f1a.<\/p>\n","protected":false},"author":20,"featured_media":504234,"comment_status":"closed","ping_status":"closed","sticky":false,"template":"","format":"standard","meta":[],"categories":[3839,2198],"tags":[1177,253,352,10568,2470,1766],"_links":{"self":[{"href":"http:\/\/desarrollo.grupomedios.com\/futbol\/wp-json\/wp\/v2\/posts\/504232"}],"collection":[{"href":"http:\/\/desarrollo.grupomedios.com\/futbol\/wp-json\/wp\/v2\/posts"}],"about":[{"href":"http:\/\/desarrollo.grupomedios.com\/futbol\/wp-json\/wp\/v2\/types\/post"}],"author":[{"embeddable":true,"href":"http:\/\/desarrollo.grupomedios.com\/futbol\/wp-json\/wp\/v2\/users\/20"}],"replies":[{"embeddable":true,"href":"http:\/\/desarrollo.grupomedios.com\/futbol\/wp-json\/wp\/v2\/comments?post=504232"}],"version-history":[{"count":1,"href":"http:\/\/desarrollo.grupomedios.com\/futbol\/wp-json\/wp\/v2\/posts\/504232\/revisions"}],"predecessor-version":[{"id":504238,"href":"http:\/\/desarrollo.grupomedios.com\/futbol\/wp-json\/wp\/v2\/posts\/504232\/revisions\/504238"}],"wp:featuredmedia":[{"embeddable":true,"href":"http:\/\/desarrollo.grupomedios.com\/futbol\/wp-json\/wp\/v2\/media\/504234"}],"wp:attachment":[{"href":"http:\/\/desarrollo.grupomedios.com\/futbol\/wp-json\/wp\/v2\/media?parent=504232"}],"wp:term":[{"taxonomy":"category","embeddable":true,"href":"http:\/\/desarrollo.grupomedios.com\/futbol\/wp-json\/wp\/v2\/categories?post=504232"},{"taxonomy":"post_tag","embeddable":true,"href":"http:\/\/desarrollo.grupomedios.com\/futbol\/wp-json\/wp\/v2\/tags?post=504232"}],"curies":[{"name":"wp","href":"https:\/\/api.w.org\/{rel}","templated":true}]}}