{"id":504237,"date":"2017-10-12T10:18:12","date_gmt":"2017-10-12T15:18:12","guid":{"rendered":"https:\/\/www.futboltotal.com.mx\/?p=504237"},"modified":"2017-10-12T11:41:25","modified_gmt":"2017-10-12T16:41:25","slug":"cavani-protagoniza-nueva-pelea-ahora-luis-suarez","status":"publish","type":"post","link":"http:\/\/desarrollo.grupomedios.com\/futbol\/videos\/cavani-protagoniza-nueva-pelea-ahora-luis-suarez\/2017\/10","title":{"rendered":"Cavani protagoniza nueva pelea, ahora con Luis Su\u00e1rez"},"content":{"rendered":"<p>El delantero charr\u00faa,<strong> Edinson Cavani<\/strong>, ha vuelto a ponerse en el ojo del hurac\u00e1n, pues protagoniz\u00f3 una nueva pelea, ahora con su compa\u00f1ero de selecci\u00f3n <strong>Luis Su\u00e1rez<\/strong> en el encuentro que disputaron ante <strong>Bolivia<\/strong> en la eliminatoria de <strong>Conmebol<\/strong> rumbo a <strong>Rusia 2018<\/strong>.<\/p>\n<p>En un video mostrado por la televisi\u00f3n argentina, se puede vislumbrar que el delantero del<strong> Paris Saint-Germain<\/strong> reclama al atacante del <strong>Barcelona<\/strong> por no pasar el bal\u00f3n a su compa\u00f1ero que se encontraba solo en el \u00e1rea chica para rematar a la porter\u00eda, lo cual desemboc\u00f3 en una batalla verbal entre ambos delanteros.<\/p>\n<p style=\"text-align: center;\"><a href=\"https:\/\/www.futboltotal.com.mx\/alan-pulido-recibio-regalo-cristiano-ronaldo\/2017\/10\/\" target=\"_blank\" rel=\"noopener\">VER M\u00c1S: Alan Pulido recibi\u00f3 regalo de Cristiano Ronaldo<\/a><\/p>\n<p>El desenlace se da cuando Su\u00e1rez logra anotar un gol y sus compa\u00f1eros corren a festejar con \u00e9l, excepto Cavani, quien camina con la cabeza abajo hac\u00eda el centro del campo.<\/p>\n<p>Esta es la segunda &#8216;pelea&#8217; que protagoniza el delantero charr\u00faa, pues con su equipo, el <strong>PSG<\/strong> vivi\u00f3 un momento similar cuando no permiti\u00f3 que\u00a0<strong>Neymar Jr\u00a0<\/strong>pateara un penal y posteriormente, se vieron en otro peque\u00f1o conato cuando se dio la oportunidad de un tiro libre.<\/p>\n<blockquote class=\"twitter-video\" data-lang=\"es\">\n<p dir=\"ltr\" lang=\"es\">Tras su pelea con Neymar, Cavani se cruz\u00f3 feo con Luis Su\u00e1rez en pleno Uruguay-Bolivia. Otra imagen exclusiva de un <a href=\"https:\/\/twitter.com\/PasoaPaso?ref_src=twsrc%5Etfw\">@PasoaPaso<\/a> de colecci\u00f3n. <a href=\"https:\/\/t.co\/UylUmzosNQ\">pic.twitter.com\/UylUmzosNQ<\/a><\/p>\n<p>\u2014 Lucas Beltramo (@LucasBeltramo) <a href=\"https:\/\/twitter.com\/LucasBeltramo\/status\/917993057441722369?ref_src=twsrc%5Etfw\">11 de octubre de 2017<\/a><\/p><\/blockquote>\n<p><script async src=\"\/\/platform.twitter.com\/widgets.js\" charset=\"utf-8\"><\/script><\/p>\n<p style=\"text-align: center;\"><a href=\"https:\/\/www.futboltotal.com.mx\/bono-dedico-concierto-u2-a-messi-lo-llamo-dios\/2017\/10\/\" target=\"_blank\" rel=\"noopener\">VER M\u00c1S: Bono dedic\u00f3 concierto de U2 a Messi<\/a><\/p>\n","protected":false},"excerpt":{"rendered":"<p>El delantero ya vivi\u00f3 otra circunstancia similar con Neymar en el <\/p>\n","protected":false},"author":20,"featured_media":504241,"comment_status":"closed","ping_status":"closed","sticky":false,"template":"","format":"standard","meta":[],"categories":[4],"tags":[1392,6037,6016,2232,503],"_links":{"self":[{"href":"http:\/\/desarrollo.grupomedios.com\/futbol\/wp-json\/wp\/v2\/posts\/504237"}],"collection":[{"href":"http:\/\/desarrollo.grupomedios.com\/futbol\/wp-json\/wp\/v2\/posts"}],"about":[{"href":"http:\/\/desarrollo.grupomedios.com\/futbol\/wp-json\/wp\/v2\/types\/post"}],"author":[{"embeddable":true,"href":"http:\/\/desarrollo.grupomedios.com\/futbol\/wp-json\/wp\/v2\/users\/20"}],"replies":[{"embeddable":true,"href":"http:\/\/desarrollo.grupomedios.com\/futbol\/wp-json\/wp\/v2\/comments?post=504237"}],"version-history":[{"count":2,"href":"http:\/\/desarrollo.grupomedios.com\/futbol\/wp-json\/wp\/v2\/posts\/504237\/revisions"}],"predecessor-version":[{"id":504244,"href":"http:\/\/desarrollo.grupomedios.com\/futbol\/wp-json\/wp\/v2\/posts\/504237\/revisions\/504244"}],"wp:featuredmedia":[{"embeddable":true,"href":"http:\/\/desarrollo.grupomedios.com\/futbol\/wp-json\/wp\/v2\/media\/504241"}],"wp:attachment":[{"href":"http:\/\/desarrollo.grupomedios.com\/futbol\/wp-json\/wp\/v2\/media?parent=504237"}],"wp:term":[{"taxonomy":"category","embeddable":true,"href":"http:\/\/desarrollo.grupomedios.com\/futbol\/wp-json\/wp\/v2\/categories?post=504237"},{"taxonomy":"post_tag","embeddable":true,"href":"http:\/\/desarrollo.grupomedios.com\/futbol\/wp-json\/wp\/v2\/tags?post=504237"}],"curies":[{"name":"wp","href":"https:\/\/api.w.org\/{rel}","templated":true}]}}