{"id":504245,"date":"2017-10-12T11:01:15","date_gmt":"2017-10-12T16:01:15","guid":{"rendered":"https:\/\/www.futboltotal.com.mx\/?p=504245"},"modified":"2017-10-12T11:35:38","modified_gmt":"2017-10-12T16:35:38","slug":"dt-del-porto-estalla-contra-juan-carlos-osorio","status":"publish","type":"post","link":"http:\/\/desarrollo.grupomedios.com\/futbol\/destacado-home\/dt-del-porto-estalla-contra-juan-carlos-osorio\/2017\/10","title":{"rendered":"DT del Porto estalla contra Juan Carlos Osorio: &#8220;Rid\u00edculo&#8221;"},"content":{"rendered":"<p>El estratega de la <strong>Selecci\u00f3n Mexicana<\/strong>, <strong>Juan Carlos Osorio<\/strong>, entreg\u00f3 un plan especial de trabajo f\u00edsico, adem\u00e1s de alimenticio a todos los seleccionados que militan en el futbol de Europa y este jueves, el director t\u00e9cnico del <strong>Porto<\/strong>,\u00a0<strong>Sergio Concei\u00e7ao,\u00a0<\/strong>lo tach\u00f3 como algo rid\u00edculo.<\/p>\n<p>Durante la conferencia de prensa de los Dragones, el estratega portugu\u00e9s fue cuestionado del tema, y contest\u00f3 lo siguiente;<\/p>\n<blockquote><p>\u201c<strong>\u00a1Eso es absolutamente rid\u00edculo!<\/strong> \u00bfQu\u00e9 trabajo espec\u00edfico se realiza en una semana u ocho d\u00edas de preparaci\u00f3n? Tenemos aqu\u00ed fisi\u00f3logos, nutri\u00f3logos y preparadores f\u00edsicos que preparan ese plan para cada jugador\u201d, respondi\u00f3 visiblemente molesto.<\/p><\/blockquote>\n<p style=\"text-align: center;\"><a href=\"https:\/\/www.futboltotal.com.mx\/alan-pulido-recibio-regalo-cristiano-ronaldo\/2017\/10\/\" target=\"_blank\" rel=\"noopener\">VER M\u00c1S: Alan Pulido recibi\u00f3 un regalo de Cristiano Ronaldo<\/a><\/p>\n<blockquote><p>\u201cNo s\u00e9 con qu\u00e9 prop\u00f3sito dijo eso. No se puede olvidar que en el partido que los cuatro mexicanos jugadores, (Jes\u00fas Manuel) <strong>Corona<\/strong> fue el mejor en la cancha, (Miguel) <strong>Lay\u00fan<\/strong> dio una asistencia y (H\u00e9ctor) <strong>Herrera<\/strong> marc\u00f3 un gol\u201d, expres\u00f3.<\/p><\/blockquote>\n<p>Por \u00faltimo,\u00a0<strong>Concei\u00e7ao\u00a0<\/strong>indic\u00f3 que el seleccionador colombiano deber\u00eda agradecer al club lusitano por los futbolistas, pues son parte del club y los mantiene jugando en Europa. \u201c<strong>Le quedaba mejor decir gracias al Porto<\/strong> por los jugadores\u201d, finaliz\u00f3.<\/p>\n<p>El prop\u00f3sito de Osorio al entregar el plan de trabajo especial a los seleccionados del Viejo Continente tiene como objetivo que lleguen en la mejor forma f\u00edsica para la Copa del Mundo en <strong>Rusia 2018<\/strong>.<\/p>\n<p><iframe loading=\"lazy\" src=\"https:\/\/www.youtube.com\/embed\/CXB9gjPq1Jk?feature=oembed\" frameborder=\"0\" allowfullscreen><\/iframe><\/p>\n<p style=\"text-align: center;\"><a href=\"https:\/\/www.futboltotal.com.mx\/adriano-anuncia-regreso-al-futbol-2018\/2017\/10\/\" target=\"_blank\" rel=\"noopener\">VER M\u00c1S: Adriano regresar\u00e1 a jugar futbol en 2018<\/a><\/p>\n","protected":false},"excerpt":{"rendered":"<p>El estratega portugu\u00e9s tild\u00f3 de &#8216;rid\u00edculo&#8217; el programa que envi\u00f3 el DT mexicano<\/p>\n","protected":false},"author":20,"featured_media":504249,"comment_status":"closed","ping_status":"closed","sticky":false,"template":"","format":"standard","meta":[],"categories":[5,3839,2198,3845,3847],"tags":[6196,65,1208,10571,409],"_links":{"self":[{"href":"http:\/\/desarrollo.grupomedios.com\/futbol\/wp-json\/wp\/v2\/posts\/504245"}],"collection":[{"href":"http:\/\/desarrollo.grupomedios.com\/futbol\/wp-json\/wp\/v2\/posts"}],"about":[{"href":"http:\/\/desarrollo.grupomedios.com\/futbol\/wp-json\/wp\/v2\/types\/post"}],"author":[{"embeddable":true,"href":"http:\/\/desarrollo.grupomedios.com\/futbol\/wp-json\/wp\/v2\/users\/20"}],"replies":[{"embeddable":true,"href":"http:\/\/desarrollo.grupomedios.com\/futbol\/wp-json\/wp\/v2\/comments?post=504245"}],"version-history":[{"count":3,"href":"http:\/\/desarrollo.grupomedios.com\/futbol\/wp-json\/wp\/v2\/posts\/504245\/revisions"}],"predecessor-version":[{"id":504266,"href":"http:\/\/desarrollo.grupomedios.com\/futbol\/wp-json\/wp\/v2\/posts\/504245\/revisions\/504266"}],"wp:featuredmedia":[{"embeddable":true,"href":"http:\/\/desarrollo.grupomedios.com\/futbol\/wp-json\/wp\/v2\/media\/504249"}],"wp:attachment":[{"href":"http:\/\/desarrollo.grupomedios.com\/futbol\/wp-json\/wp\/v2\/media?parent=504245"}],"wp:term":[{"taxonomy":"category","embeddable":true,"href":"http:\/\/desarrollo.grupomedios.com\/futbol\/wp-json\/wp\/v2\/categories?post=504245"},{"taxonomy":"post_tag","embeddable":true,"href":"http:\/\/desarrollo.grupomedios.com\/futbol\/wp-json\/wp\/v2\/tags?post=504245"}],"curies":[{"name":"wp","href":"https:\/\/api.w.org\/{rel}","templated":true}]}}