{"id":504251,"date":"2017-10-12T11:12:02","date_gmt":"2017-10-12T16:12:02","guid":{"rendered":"https:\/\/www.futboltotal.com.mx\/?p=504251"},"modified":"2017-10-12T13:13:22","modified_gmt":"2017-10-12T18:13:22","slug":"jugadoras-atlas-donan-cabello-apoyar-campana-contra-cancer","status":"publish","type":"post","link":"http:\/\/desarrollo.grupomedios.com\/futbol\/futbol-mexicano\/jugadoras-atlas-donan-cabello-apoyar-campana-contra-cancer\/2017\/10","title":{"rendered":"Jugadoras de Atlas donan cabello para apoyar campa\u00f1a contra c\u00e1ncer"},"content":{"rendered":"<p>El equipo de <strong>Atlas Femenil<\/strong> realiz\u00f3 un video en el que muestra la forma en que van a\u00a0apoyar la campa\u00f1a contra el <strong>c\u00e1ncer de mama<\/strong> que se lleva a cabo en el mes de octubre dentro del futbol mexicano.<\/p>\n<p>En el clip que compartieron los <strong>Rojinegros<\/strong> a trav\u00e9s de sus redes sociales, muestran como <strong>Marcela Valera<\/strong> y <strong>Mayra Santana<\/strong> se cortaron 30 cent\u00edmetros de cabello, el cual ser\u00e1 donado para realizar\u00a0pelucas oncol\u00f3gicas para aquellas mujeres que tienen este padecimiento.<\/p>\n<p style=\"text-align: center;\"><a href=\"https:\/\/www.futboltotal.com.mx\/alan-pulido-recibio-regalo-cristiano-ronaldo\/2017\/10\/\" target=\"_blank\" rel=\"noopener\">VER M\u00c1S: Alan Pulido recibi\u00f3 un regalo de Cristiano Ronaldo<\/a><\/p>\n<p>El donativo ser\u00e1 directamente a la <strong>Cruz Rosa<\/strong> de <strong>Guadalajara<\/strong> y adem\u00e1s hicieron hincapi\u00e9 en la importancia de la prevenci\u00f3n que deben tener las mujeres; <strong>&#8220;auto expl\u00f3rate e inf\u00f3rmate&#8221;<\/strong>, indican las jugadoras rojinegras quienes se manifiestan bajo el hashtag <strong>#FielesALaCausa<\/strong>.<\/p>\n<p><iframe loading=\"lazy\" src=\"https:\/\/www.youtube.com\/embed\/efAzTEyOIqE?feature=oembed\" frameborder=\"0\" allowfullscreen><\/iframe><\/p>\n<p>Las Rojinegras recibir\u00e1n este 15 de octubre al equipo de <strong>Tigres<\/strong> y jugar\u00e1n por primera vez en el<strong> Estadio Jalisco<\/strong>; marchan en la posici\u00f3n n\u00famero 4 del Grupo 2 con cinco victorias, un empate y cuatro derrotas.<\/p>\n<p style=\"text-align: center;\"><a href=\"https:\/\/www.futboltotal.com.mx\/dt-del-porto-estalla-contra-juan-carlos-osorio\/2017\/10\/\" target=\"_blank\" rel=\"noopener\">VER M\u00c1S: DT del Porto estall\u00f3 en contra de Juan Carlos Osorio<\/a><\/p>\n","protected":false},"excerpt":{"rendered":"<p>El equipo Rojinegro mostr\u00f3 su forma de apoyar la causa<\/p>\n","protected":false},"author":20,"featured_media":504254,"comment_status":"closed","ping_status":"closed","sticky":false,"template":"","format":"standard","meta":[],"categories":[2198,9628],"tags":[5961,4454,8026],"_links":{"self":[{"href":"http:\/\/desarrollo.grupomedios.com\/futbol\/wp-json\/wp\/v2\/posts\/504251"}],"collection":[{"href":"http:\/\/desarrollo.grupomedios.com\/futbol\/wp-json\/wp\/v2\/posts"}],"about":[{"href":"http:\/\/desarrollo.grupomedios.com\/futbol\/wp-json\/wp\/v2\/types\/post"}],"author":[{"embeddable":true,"href":"http:\/\/desarrollo.grupomedios.com\/futbol\/wp-json\/wp\/v2\/users\/20"}],"replies":[{"embeddable":true,"href":"http:\/\/desarrollo.grupomedios.com\/futbol\/wp-json\/wp\/v2\/comments?post=504251"}],"version-history":[{"count":1,"href":"http:\/\/desarrollo.grupomedios.com\/futbol\/wp-json\/wp\/v2\/posts\/504251\/revisions"}],"predecessor-version":[{"id":504256,"href":"http:\/\/desarrollo.grupomedios.com\/futbol\/wp-json\/wp\/v2\/posts\/504251\/revisions\/504256"}],"wp:featuredmedia":[{"embeddable":true,"href":"http:\/\/desarrollo.grupomedios.com\/futbol\/wp-json\/wp\/v2\/media\/504254"}],"wp:attachment":[{"href":"http:\/\/desarrollo.grupomedios.com\/futbol\/wp-json\/wp\/v2\/media?parent=504251"}],"wp:term":[{"taxonomy":"category","embeddable":true,"href":"http:\/\/desarrollo.grupomedios.com\/futbol\/wp-json\/wp\/v2\/categories?post=504251"},{"taxonomy":"post_tag","embeddable":true,"href":"http:\/\/desarrollo.grupomedios.com\/futbol\/wp-json\/wp\/v2\/tags?post=504251"}],"curies":[{"name":"wp","href":"https:\/\/api.w.org\/{rel}","templated":true}]}}