{"id":504275,"date":"2017-10-12T12:08:44","date_gmt":"2017-10-12T17:08:44","guid":{"rendered":"https:\/\/www.futboltotal.com.mx\/?p=504275"},"modified":"2017-10-12T12:10:28","modified_gmt":"2017-10-12T17:10:28","slug":"falcao-confeso-informo-a-los-peruanos-estaban-clasificados","status":"publish","type":"post","link":"http:\/\/desarrollo.grupomedios.com\/futbol\/futbol-internacional\/falcao-confeso-informo-a-los-peruanos-estaban-clasificados\/2017\/10","title":{"rendered":"Falcao confes\u00f3 que inform\u00f3 a los peruanos que estaban clasificados"},"content":{"rendered":"<p>Durante el <span style=\"color: #3366ff;\"><a href=\"https:\/\/www.futboltotal.com.mx\/peru-al-repechaje-colombia-al-mundial-tras-empate\/2017\/10\/\" target=\"_blank\" rel=\"noopener\">partido entre Per\u00fa y Colombia<\/a><\/span>, se dieron a conocer unas im\u00e1genes donde <strong>Radamel Falcao<\/strong> <span style=\"color: #3366ff;\"><a href=\"https:\/\/www.futboltotal.com.mx\/copa-mundial-2018\/falcao-habria-pactado-empate-peru-partido\/\" target=\"_blank\" rel=\"noopener\">aparece negociando con jugadores peruanos para no atacarse m\u00e1s<\/a><\/span>, ya que ambos estaban clasificados al <strong>Mundial<\/strong> tras el <span style=\"color: #3366ff;\"><a href=\"https:\/\/www.futboltotal.com.mx\/copa-mundial-2018\/brasil-3-chile-0-eliminatoria-conmebol-rusia-2018-resumen\/\">resultado de Chile en Brasil<\/a><\/span>.<\/p>\n<p>Tras los videos donde aparece <strong>el Tigre<\/strong> hablando con algunos futbolistas rivales, el mismo Falcao reconoci\u00f3 que s\u00ed intercambi\u00f3 algunas palabras con los del otro equipo.<\/p>\n<p>&nbsp;<\/p>\n<p>&#8220;Son situaciones del partido. Nosotros est\u00e1bamos enterados de lo que estaba pasando en otros partidos, est\u00e1bamos jugando con los otros resultados y en ese momento busqu\u00e9 hacer saber eso (informarles otros resultados), nada m\u00e1s&#8221;, indic\u00f3 <strong>Falcao<\/strong>.<\/p>\n<p style=\"text-align: center;\"><span style=\"color: #3366ff;\"><a href=\"https:\/\/www.futboltotal.com.mx\/cesar-villaluz-jugara-en-europa-gracias-a-tecnico-mexicano\/2017\/10\/\">VER M\u00c1S: C\u00e9sar Villaluz jugar\u00e1 en Europa gracias a un t\u00e9cnico mexicano<\/a><\/span><\/p>\n<blockquote class=\"twitter-video\" data-lang=\"en\">\n<p dir=\"ltr\" lang=\"es\">Falcao de Colombia  les dec\u00eda a los jugadores que Peru  que el 1-1 los met\u00eda a los 2 al Mundial Juzgue Usted  <a href=\"https:\/\/t.co\/kC013XO9Ya\">pic.twitter.com\/kC013XO9Ya<\/a><\/p>\n<p>\u2014 &#8220;DIEGOGOL  (@Diegoarm08) <a href=\"https:\/\/twitter.com\/Diegoarm08\/status\/918247379324887041?ref_src=twsrc%5Etfw\">October 11, 2017<\/a><\/p><\/blockquote>\n<p><script async src=\"\/\/platform.twitter.com\/widgets.js\" charset=\"utf-8\"><\/script><\/p>\n<p>Adem\u00e1s, el goleador del <strong>M\u00f3naco<\/strong> sentenci\u00f3 que quisiera ver a la escuadra peruana en la <strong>Copa del Mundo de Rusia 2018,\u00a0<\/strong>donde enfrentar\u00e1n a la <strong>Selecci\u00f3n de Nueva Zelanda<\/strong>.<\/p>\n<p>&#8220;<strong>Per\u00fa<\/strong> fue un digno rival, lucharon los 90 minutos al igual que nosotros, fue un partido muy disputado y por suerte al final nos llevamos la clasificaci\u00f3n, ojal\u00e1 que les vaya bien ante Nueva Zelanda, los queremos en el Mundial&#8221;, coment\u00f3.<\/p>\n","protected":false},"excerpt":{"rendered":"<p>El colombiano &#8216;pact\u00f3&#8217; el empate con los peruanos.<\/p>\n","protected":false},"author":20,"featured_media":504278,"comment_status":"closed","ping_status":"closed","sticky":false,"template":"","format":"standard","meta":[],"categories":[3839],"tags":[6005,1125,722,652],"_links":{"self":[{"href":"http:\/\/desarrollo.grupomedios.com\/futbol\/wp-json\/wp\/v2\/posts\/504275"}],"collection":[{"href":"http:\/\/desarrollo.grupomedios.com\/futbol\/wp-json\/wp\/v2\/posts"}],"about":[{"href":"http:\/\/desarrollo.grupomedios.com\/futbol\/wp-json\/wp\/v2\/types\/post"}],"author":[{"embeddable":true,"href":"http:\/\/desarrollo.grupomedios.com\/futbol\/wp-json\/wp\/v2\/users\/20"}],"replies":[{"embeddable":true,"href":"http:\/\/desarrollo.grupomedios.com\/futbol\/wp-json\/wp\/v2\/comments?post=504275"}],"version-history":[{"count":1,"href":"http:\/\/desarrollo.grupomedios.com\/futbol\/wp-json\/wp\/v2\/posts\/504275\/revisions"}],"predecessor-version":[{"id":504279,"href":"http:\/\/desarrollo.grupomedios.com\/futbol\/wp-json\/wp\/v2\/posts\/504275\/revisions\/504279"}],"wp:featuredmedia":[{"embeddable":true,"href":"http:\/\/desarrollo.grupomedios.com\/futbol\/wp-json\/wp\/v2\/media\/504278"}],"wp:attachment":[{"href":"http:\/\/desarrollo.grupomedios.com\/futbol\/wp-json\/wp\/v2\/media?parent=504275"}],"wp:term":[{"taxonomy":"category","embeddable":true,"href":"http:\/\/desarrollo.grupomedios.com\/futbol\/wp-json\/wp\/v2\/categories?post=504275"},{"taxonomy":"post_tag","embeddable":true,"href":"http:\/\/desarrollo.grupomedios.com\/futbol\/wp-json\/wp\/v2\/tags?post=504275"}],"curies":[{"name":"wp","href":"https:\/\/api.w.org\/{rel}","templated":true}]}}