{"id":504325,"date":"2017-10-12T15:04:38","date_gmt":"2017-10-12T20:04:38","guid":{"rendered":"https:\/\/www.futboltotal.com.mx\/?p=504325"},"modified":"2017-10-12T15:04:38","modified_gmt":"2017-10-12T20:04:38","slug":"invadio-panama-vs-costa-rica-fingio-3-desmayos","status":"publish","type":"post","link":"http:\/\/desarrollo.grupomedios.com\/futbol\/cambio-de-juego\/invadio-panama-vs-costa-rica-fingio-3-desmayos\/2017\/10","title":{"rendered":"Invadi\u00f3 el Panam\u00e1 vs Costa Rica y fingi\u00f3 3 desmayos"},"content":{"rendered":"<p>El impensado triunfo de <strong>Trinidad y Tobago<\/strong> ante <strong>Estados Unidos<\/strong>, combinado con el triunfo de <strong>Panam\u00e1<\/strong> ante la selecci\u00f3n de <strong>Costa Rica<\/strong>, calific\u00f3 a los canaleros a <strong>Rusia 2018<\/strong>, quienes literalmente recibieron ayuda desde la tribuna, pues una abuelita invadi\u00f3 el campo con el \u00fanico objetivo que el partido se acabara.<\/p>\n<p>Panam\u00e1 tuvo la ayuda de un &#8216;gol fantasma&#8217; y al h\u00e9roe de la noche en <strong>Rom\u00e1n Torres<\/strong>, pero\u00a0<strong>Elida de Mitchell<\/strong> fue quien se volvi\u00f3 famosa esa noche, pues no solo invadi\u00f3 el campo para evitar que los <strong>&#8216;Ticos&#8217;<\/strong> tuvieran la oportunidad de anotar el tanto del empate, sino que se &#8216;desmay\u00f3&#8217; en tres ocasiones para que no se jugara un minuto m\u00e1s.<\/p>\n<p style=\"text-align: center;\"><a href=\"https:\/\/www.futboltotal.com.mx\/juan-carlos-osorio-candidato-a-dt-estados-unidos\/2017\/10\/\" target=\"_blank\" rel=\"noopener\">VER M\u00c1S: Juan Carlos Osorio es candidato a DT de Estados Unidos<\/a><\/p>\n<blockquote><p>\u201cMe tir\u00e9 a la cancha para evitar que Costa Rica metiera otro gol. No lo iba a permitir. No pretend\u00eda salir hasta que terminara el partido.<\/p><\/blockquote>\n<p>&#8220;No me dio nada, es que la Polic\u00eda me iba a sacar e hice que me desmayaba de nuevo. Cuando vino me dijo: &#8216;T\u00eda, \u00bfqu\u00e9 te pasa?&#8217; y le contest\u00e9: <strong>\u00a1Vas para el Mundial carajo, no me pares de aqu\u00ed!<\/strong>&#8220;, expres\u00f3\u00a0La &#8216;<i>Fula&#8217;<\/i>, como le dicen de cari\u00f1o.<\/p>\n<p><iframe loading=\"lazy\" src=\"https:\/\/www.youtube.com\/embed\/oFR-hlWw_q8?start=10&#038;feature=oembed\" frameborder=\"0\" allowfullscreen><\/iframe><\/p>\n<p style=\"text-align: center;\"><a href=\"https:\/\/www.futboltotal.com.mx\/alan-pulido-recibio-regalo-cristiano-ronaldo\/2017\/10\/\" target=\"_blank\" rel=\"noopener\">VER M\u00c1S: Alan Pulido recibe regalo de Cristiano Ronaldo<\/a><\/p>\n<p>&nbsp;<\/p>\n","protected":false},"excerpt":{"rendered":"<p>No permiti\u00f3 que se jugaran los \u00faltimos minutos del encuentro<\/p>\n","protected":false},"author":159,"featured_media":504327,"comment_status":"closed","ping_status":"closed","sticky":false,"template":"","format":"standard","meta":[],"categories":[5419],"tags":[282,213,625,2232],"_links":{"self":[{"href":"http:\/\/desarrollo.grupomedios.com\/futbol\/wp-json\/wp\/v2\/posts\/504325"}],"collection":[{"href":"http:\/\/desarrollo.grupomedios.com\/futbol\/wp-json\/wp\/v2\/posts"}],"about":[{"href":"http:\/\/desarrollo.grupomedios.com\/futbol\/wp-json\/wp\/v2\/types\/post"}],"author":[{"embeddable":true,"href":"http:\/\/desarrollo.grupomedios.com\/futbol\/wp-json\/wp\/v2\/users\/159"}],"replies":[{"embeddable":true,"href":"http:\/\/desarrollo.grupomedios.com\/futbol\/wp-json\/wp\/v2\/comments?post=504325"}],"version-history":[{"count":1,"href":"http:\/\/desarrollo.grupomedios.com\/futbol\/wp-json\/wp\/v2\/posts\/504325\/revisions"}],"predecessor-version":[{"id":504328,"href":"http:\/\/desarrollo.grupomedios.com\/futbol\/wp-json\/wp\/v2\/posts\/504325\/revisions\/504328"}],"wp:featuredmedia":[{"embeddable":true,"href":"http:\/\/desarrollo.grupomedios.com\/futbol\/wp-json\/wp\/v2\/media\/504327"}],"wp:attachment":[{"href":"http:\/\/desarrollo.grupomedios.com\/futbol\/wp-json\/wp\/v2\/media?parent=504325"}],"wp:term":[{"taxonomy":"category","embeddable":true,"href":"http:\/\/desarrollo.grupomedios.com\/futbol\/wp-json\/wp\/v2\/categories?post=504325"},{"taxonomy":"post_tag","embeddable":true,"href":"http:\/\/desarrollo.grupomedios.com\/futbol\/wp-json\/wp\/v2\/tags?post=504325"}],"curies":[{"name":"wp","href":"https:\/\/api.w.org\/{rel}","templated":true}]}}