{"id":504359,"date":"2017-10-12T16:45:51","date_gmt":"2017-10-12T21:45:51","guid":{"rendered":"https:\/\/www.futboltotal.com.mx\/?p=504359"},"modified":"2017-10-12T16:46:41","modified_gmt":"2017-10-12T21:46:41","slug":"chile-reclamara-a-fifa-arreglo-del-peru-vs-colombia","status":"publish","type":"post","link":"http:\/\/desarrollo.grupomedios.com\/futbol\/futbol-internacional\/chile-reclamara-a-fifa-arreglo-del-peru-vs-colombia\/2017\/10","title":{"rendered":"Chile reclamar\u00e1 a FIFA el &#8216;arreglo&#8217; del Per\u00fa vs Colombia"},"content":{"rendered":"<p>El delantero colombiano <strong>Radamel Falcao<\/strong> gener\u00f3 pol\u00e9mica durate el juego donde<strong> Colombia<\/strong> logr\u00f3 su pase a <strong>Rusia 2018<\/strong> y <strong>Per\u00fa<\/strong> al repechaje, por lo que la <strong>Federaci\u00f3n Chilena de Futbol<\/strong> medite acudir a <strong>FIFA<\/strong> para que se investigue el juego entre colombianos y peruanos.<\/p>\n<p>Seg\u00fan medios chilenos, como <em>Fox Sports<\/em>, aseguran que la Federaci\u00f3n est\u00e1 esperando a que FIFA actue de oficio para conocer lo sucedio en el estadio Nacional de Lima, donde el empate 1-1 dej\u00f3 a ambos equipos clasificados y sin oportunidad a <strong>La Roja<\/strong>, que pedi\u00f3 ante Brasil 3-0.<\/p>\n<p style=\"text-align: center;\"><span style=\"color: #3366ff;\"><a href=\"https:\/\/www.futboltotal.com.mx\/copa-mundial-2018\/le-va-a-mexico-en-mundial-cuando-lider-del-hexagonal\/\">VER M\u00c1S: \u00bfC\u00f3mo le va a M\u00e9xico en el Mundial cuando es l\u00edder del Hexagonal?<\/a><\/span><\/p>\n<blockquote class=\"twitter-video\" data-lang=\"es\">\n<p dir=\"ltr\" lang=\"es\">La Federaci\u00f3n de F\u00fatbol Chilena reclamar\u00e1 ante la FIFA los puntos de Colombia y Per\u00fa por haber &#8220;pactado&#8221; el empate para dejar fuera a Chile. <a href=\"https:\/\/t.co\/6v02FLcqrr\">pic.twitter.com\/6v02FLcqrr<\/a><\/p>\n<p>\u2014 TRICICLO PERU (@TRICICLODELPERU) <a href=\"https:\/\/twitter.com\/TRICICLODELPERU\/status\/918519997382742017?ref_src=twsrc%5Etfw\">12 de octubre de 2017<\/a><\/p><\/blockquote>\n<p><script async src=\"\/\/platform.twitter.com\/widgets.js\" charset=\"utf-8\"><\/script><\/p>\n<p>En caso de que la <strong>FIFA<\/strong> no proceda en breve, ser\u00eda la <strong>Federaci\u00f3n Chilena<\/strong> la que tomar\u00eda medidas en el asunto para exigir se revise el caso, esto de acuerdo al diario chileno \u201c<em>La Tercera<\/em>\u201d, esperando haya alg\u00fan decreto o pronunciamiento que les devuelva las esperanzas de llegar a Rusia 2018.<\/p>\n<p>Durante el <span style=\"color: #3366ff;\"><a href=\"https:\/\/www.futboltotal.com.mx\/peru-al-repechaje-colombia-al-mundial-tras-empate\/2017\/10\/\" target=\"_blank\" rel=\"noopener\">Per\u00fa vs. Colombia<\/a><\/span> del martes, las c\u00e1maras de televisi\u00f3n grabaron a <strong>Falcao<\/strong> hablando con varios de sus contrincantes para informarles que con el empate ambos lograban su clasificaci\u00f3n al Mundial, pues Chile ca\u00eda con Brasil.<\/p>\n<p>El propio delantero de Colombia confirm\u00f3 que habl\u00f3 con los peruano en la cancha del resultado adverso de los chilenos y que \u201cjugaron con eso\u201d, aunque descart\u00f3 que se tratara de un ama\u00f1o o arreglo.<\/p>\n","protected":false},"excerpt":{"rendered":"<p>Los chilenos reclamaran las acciones de los jugarores de ambas selecciones.<\/p>\n","protected":false},"author":144,"featured_media":498470,"comment_status":"closed","ping_status":"closed","sticky":false,"template":"","format":"standard","meta":[],"categories":[3839],"tags":[406,6005,6214,722],"_links":{"self":[{"href":"http:\/\/desarrollo.grupomedios.com\/futbol\/wp-json\/wp\/v2\/posts\/504359"}],"collection":[{"href":"http:\/\/desarrollo.grupomedios.com\/futbol\/wp-json\/wp\/v2\/posts"}],"about":[{"href":"http:\/\/desarrollo.grupomedios.com\/futbol\/wp-json\/wp\/v2\/types\/post"}],"author":[{"embeddable":true,"href":"http:\/\/desarrollo.grupomedios.com\/futbol\/wp-json\/wp\/v2\/users\/144"}],"replies":[{"embeddable":true,"href":"http:\/\/desarrollo.grupomedios.com\/futbol\/wp-json\/wp\/v2\/comments?post=504359"}],"version-history":[{"count":1,"href":"http:\/\/desarrollo.grupomedios.com\/futbol\/wp-json\/wp\/v2\/posts\/504359\/revisions"}],"predecessor-version":[{"id":504369,"href":"http:\/\/desarrollo.grupomedios.com\/futbol\/wp-json\/wp\/v2\/posts\/504359\/revisions\/504369"}],"wp:featuredmedia":[{"embeddable":true,"href":"http:\/\/desarrollo.grupomedios.com\/futbol\/wp-json\/wp\/v2\/media\/498470"}],"wp:attachment":[{"href":"http:\/\/desarrollo.grupomedios.com\/futbol\/wp-json\/wp\/v2\/media?parent=504359"}],"wp:term":[{"taxonomy":"category","embeddable":true,"href":"http:\/\/desarrollo.grupomedios.com\/futbol\/wp-json\/wp\/v2\/categories?post=504359"},{"taxonomy":"post_tag","embeddable":true,"href":"http:\/\/desarrollo.grupomedios.com\/futbol\/wp-json\/wp\/v2\/tags?post=504359"}],"curies":[{"name":"wp","href":"https:\/\/api.w.org\/{rel}","templated":true}]}}