{"id":504414,"date":"2017-10-12T21:09:03","date_gmt":"2017-10-13T02:09:03","guid":{"rendered":"https:\/\/www.futboltotal.com.mx\/?p=504414"},"modified":"2017-10-12T21:40:31","modified_gmt":"2017-10-13T02:40:31","slug":"miguel-herrera-llego-a-la-seleccion-chile-esta-razon","status":"publish","type":"post","link":"http:\/\/desarrollo.grupomedios.com\/futbol\/futbol-internacional\/miguel-herrera-llego-a-la-seleccion-chile-esta-razon\/2017\/10","title":{"rendered":"Miguel Herrera no lleg\u00f3 a la Selecci\u00f3n de Chile por esta raz\u00f3n"},"content":{"rendered":"<p><strong>Miguel Herrera<\/strong> estuvo cerca de ser el entrenador de la Selecci\u00f3n de <strong>Chile<\/strong>, pero hubo una raz\u00f3n que al final no concret\u00f3 el fichaje, y deriv\u00f3 en el arribo de <strong>Juan Antonio Pizzi<\/strong>.<\/p>\n<p>Los chilenos ya hab\u00edan llegado a un acuerdo con el &#8216;Piojo&#8217; para que fuera su director t\u00e9cnico, pero el problema radic\u00f3 en que los sudamericanos no quisieron pagar la cl\u00e1usula de rescisi\u00f3n de 5 millones de d\u00f3lares por el mexicano, dio a conocer el peri\u00f3dico <em>Cancha<\/em>.<\/p>\n<p style=\"text-align: center;\"><span style=\"color: #333399;\"><a href=\"https:\/\/www.futboltotal.com.mx\/bueno-mexico-esta-en-concacaf-sudamerica-diego-forlan\/2017\/10\/\">VER M\u00c1S: <span class=\"item-title\">Que bueno que M\u00e9xico est\u00e1 en Concacaf y no Sudam\u00e9rica: Forl\u00e1n<\/span><\/a><\/span><\/p>\n<p>El &#8216;Piojo&#8217; se encontraba en ese momento con los <strong>Xolos de Tijuana<\/strong>, y en la \u00f3rbita se dec\u00eda que en su contrato exist\u00edan algunas cl\u00e1usulas como la posibilidad de dejar a los fronterizos si hab\u00eda una oferta de alguna selecci\u00f3n nacional, como es la de Chile.<\/p>\n<p>Miguel Herrera fue un hombre que se mostr\u00f3 durante el Mundial 2014, donde parte de sus actitudes lo hicieron un t\u00e9cnico que no pas\u00f3 desapercibido en <strong>Brasil 2014<\/strong>.<\/p>\n<p style=\"text-align: center;\"><span style=\"color: #333399;\"><a href=\"https:\/\/www.futboltotal.com.mx\/bruce-arena-se-ve-eu-en-proceso-qatar-2022\/2017\/10\/\">VER M\u00c1S: <span class=\"item-title\">Bruce Arena no se ve con EU en proceso para Qatar 2022<\/span><\/a><\/span><\/p>\n<p>Sin embargo, las cosas no se dieron para los chilenos al traer a Juan Antonio Pizzi, quien les dio un par de Copas Americas, pero los ha dejado fuera del <strong>Mundial Rusia 2018<\/strong>.<\/p>\n","protected":false},"excerpt":{"rendered":"<p>Miguel Herrera estuvo muy cerca de llegar a la &#8220;Roja&#8221; <\/p>\n","protected":false},"author":20,"featured_media":504415,"comment_status":"closed","ping_status":"closed","sticky":false,"template":"","format":"standard","meta":[],"categories":[7566,3839],"tags":[406,255],"_links":{"self":[{"href":"http:\/\/desarrollo.grupomedios.com\/futbol\/wp-json\/wp\/v2\/posts\/504414"}],"collection":[{"href":"http:\/\/desarrollo.grupomedios.com\/futbol\/wp-json\/wp\/v2\/posts"}],"about":[{"href":"http:\/\/desarrollo.grupomedios.com\/futbol\/wp-json\/wp\/v2\/types\/post"}],"author":[{"embeddable":true,"href":"http:\/\/desarrollo.grupomedios.com\/futbol\/wp-json\/wp\/v2\/users\/20"}],"replies":[{"embeddable":true,"href":"http:\/\/desarrollo.grupomedios.com\/futbol\/wp-json\/wp\/v2\/comments?post=504414"}],"version-history":[{"count":1,"href":"http:\/\/desarrollo.grupomedios.com\/futbol\/wp-json\/wp\/v2\/posts\/504414\/revisions"}],"predecessor-version":[{"id":504416,"href":"http:\/\/desarrollo.grupomedios.com\/futbol\/wp-json\/wp\/v2\/posts\/504414\/revisions\/504416"}],"wp:featuredmedia":[{"embeddable":true,"href":"http:\/\/desarrollo.grupomedios.com\/futbol\/wp-json\/wp\/v2\/media\/504415"}],"wp:attachment":[{"href":"http:\/\/desarrollo.grupomedios.com\/futbol\/wp-json\/wp\/v2\/media?parent=504414"}],"wp:term":[{"taxonomy":"category","embeddable":true,"href":"http:\/\/desarrollo.grupomedios.com\/futbol\/wp-json\/wp\/v2\/categories?post=504414"},{"taxonomy":"post_tag","embeddable":true,"href":"http:\/\/desarrollo.grupomedios.com\/futbol\/wp-json\/wp\/v2\/tags?post=504414"}],"curies":[{"name":"wp","href":"https:\/\/api.w.org\/{rel}","templated":true}]}}