{"id":504424,"date":"2017-10-13T09:07:21","date_gmt":"2017-10-13T14:07:21","guid":{"rendered":"https:\/\/www.futboltotal.com.mx\/?p=504424"},"modified":"2017-10-13T09:07:21","modified_gmt":"2017-10-13T14:07:21","slug":"enner-valencia-suspendido-indefinidamente-ecuador","status":"publish","type":"post","link":"http:\/\/desarrollo.grupomedios.com\/futbol\/futbol-internacional\/enner-valencia-suspendido-indefinidamente-ecuador\/2017\/10","title":{"rendered":"Enner Valencia, suspendido indefinidamente con Ecuador"},"content":{"rendered":"<p><strong>Carlos Villac\u00eds<\/strong>, quien preside el\u00a0directorio de la <strong>Federaci\u00f3n Ecuatoriana de F\u00fatbol<\/strong>, suspendi\u00f3 de forma indefinida al atacante de <strong>Tigres<\/strong>, <strong>Enner Valencia<\/strong> y a otros cuatro elementos de la Selecci\u00f3n de Ecuador, por actos de indisciplina el d\u00eda previo al juego ante el combinado de <strong>Argentina<\/strong>.<\/p>\n<p>Villac\u00eds expres\u00f3 que la sanci\u00f3n fue determinada este jueves por los nueve miembros del directorio de la federaci\u00f3n; &#8220;los cinco jugadores que est\u00e1n involucrados en esto han sido separados de cualquier convocatoria a la selecci\u00f3n nacional indefinidamente&#8221;, asegur\u00f3 luego de la reuni\u00f3n.<\/p>\n<blockquote class=\"twitter-video\" data-lang=\"es\">\n<p dir=\"ltr\" lang=\"es\"><a href=\"https:\/\/twitter.com\/hashtag\/FEF?src=hash&amp;ref_src=twsrc%5Etfw\">#FEF<\/a><br \/>\nCarlos Villac\u00eds di\u00f3 detalles sobre los jugadores indisciplinados en la concentraci\u00f3n de la Selecci\u00f3n. <a href=\"https:\/\/t.co\/g797ltW0hk\">pic.twitter.com\/g797ltW0hk<\/a><\/p>\n<p>\u2014 Jorge Celi (@Jxrgeceli) <a href=\"https:\/\/twitter.com\/Jxrgeceli\/status\/918643598769483776?ref_src=twsrc%5Etfw\">13 de octubre de 2017<\/a><\/p><\/blockquote>\n<p><script async src=\"\/\/platform.twitter.com\/widgets.js\" charset=\"utf-8\"><\/script><\/p>\n<p style=\"text-align: center;\"><a href=\"https:\/\/www.futboltotal.com.mx\/juan-carlos-osorio-candidato-a-dt-estados-unidos\/2017\/10\/\" target=\"_blank\" rel=\"noopener\">VER M\u00c1S: Juan Carlos Osorio es candidato a DT de Estados Unidos<\/a><\/p>\n<p>&#8220;Es una decisi\u00f3n muy dura, dr\u00e1stica, dolorosa por los chicos, pero indudablemente hab\u00eda que tomar una decisi\u00f3n, sentar un precedente para el futuro, para los pr\u00f3ximos convocados a la selecci\u00f3n&#8221;, a\u00f1adi\u00f3.<\/p>\n<p>A pesar que los nombres de los futbolistas no han querido hacerlos p\u00fablicos, el diario <em>El Comercio<\/em> inform\u00f3 que son;\u00a0<strong>Enner Valencia, Jefferson Orejuela, Robert Arboleda, Gabriel Cort\u00e9s y Joao Plata.\u00a0<\/strong>La publicaci\u00f3n manifiesta lo siguiente;\u00a0&#8220;de ellos, los tres primeros jugaron contra la Albiceleste en el estadio Atahualpa la noche del \u00faltimo martes 10 de octubre&#8221;.<\/p>\n<p>&#8220;Los nombres de los jugadores no los vamos a dar, pero son cinco los que est\u00e1n suspendidos indefinidamente.\u00a0El acto de indisciplina que cometieron fue<strong> haber salido de la concentraci\u00f3n de la selecci\u00f3n a la medianoche del viernes<\/strong>, amanecer del s\u00e1bado y r<strong>egresar a las 02.20 de la madrugada<\/strong>&#8220;, a\u00f1adi\u00f3 Villac\u00eds.<\/p>\n<p>La denuncia de esta indisciplina la realiz\u00f3 el periodista\u00a0<strong>Reinaldo Romero<\/strong>, comentarista de <em>Radio La Red<\/em>, quien a trav\u00e9s de su cuenta de Twitter dio a conocer que estos cinco futbolistas hab\u00edan abandonado la concentraci\u00f3n para irse de fiesta un d\u00eda despu\u00e9s que\u00a0perdieran por 2-1 con Chile.<\/p>\n<blockquote class=\"twitter-tweet\" data-lang=\"es\">\n<p dir=\"ltr\" lang=\"es\">CINCO jugadores, pese a la advertencia de la seguridad y contra las reglas de la Casa de la Selecci\u00f3n, se fueron de fiesta. <a href=\"https:\/\/twitter.com\/FEFecuador?ref_src=twsrc%5Etfw\">@FEFecuador<\/a> <a href=\"https:\/\/t.co\/VuKmARiAhK\">pic.twitter.com\/VuKmARiAhK<\/a><\/p>\n<p>\u2014 Reinaldo Romero (@reijournalist) <a href=\"https:\/\/twitter.com\/reijournalist\/status\/918091034567020544?ref_src=twsrc%5Etfw\">11 de octubre de 2017<\/a><\/p><\/blockquote>\n<p><script async src=\"\/\/platform.twitter.com\/widgets.js\" charset=\"utf-8\"><\/script><\/p>\n<p style=\"text-align: center;\"><a href=\"https:\/\/www.futboltotal.com.mx\/chile-reclamara-a-fifa-arreglo-del-peru-vs-colombia\/2017\/10\/\" target=\"_blank\" rel=\"noopener\">VER M\u00c1S: Chile reclamar\u00e1 a FIFA el &#8216;arreglo&#8217; de juego entre Colombia y Per\u00fa<\/a><\/p>\n","protected":false},"excerpt":{"rendered":"<p>El futbolista de Tigres infringi\u00f3 las reglas de su selecci\u00f3n<\/p>\n","protected":false},"author":159,"featured_media":504430,"comment_status":"closed","ping_status":"closed","sticky":false,"template":"","format":"standard","meta":[],"categories":[3839,3845],"tags":[1392,708,6108,5973],"_links":{"self":[{"href":"http:\/\/desarrollo.grupomedios.com\/futbol\/wp-json\/wp\/v2\/posts\/504424"}],"collection":[{"href":"http:\/\/desarrollo.grupomedios.com\/futbol\/wp-json\/wp\/v2\/posts"}],"about":[{"href":"http:\/\/desarrollo.grupomedios.com\/futbol\/wp-json\/wp\/v2\/types\/post"}],"author":[{"embeddable":true,"href":"http:\/\/desarrollo.grupomedios.com\/futbol\/wp-json\/wp\/v2\/users\/159"}],"replies":[{"embeddable":true,"href":"http:\/\/desarrollo.grupomedios.com\/futbol\/wp-json\/wp\/v2\/comments?post=504424"}],"version-history":[{"count":1,"href":"http:\/\/desarrollo.grupomedios.com\/futbol\/wp-json\/wp\/v2\/posts\/504424\/revisions"}],"predecessor-version":[{"id":504431,"href":"http:\/\/desarrollo.grupomedios.com\/futbol\/wp-json\/wp\/v2\/posts\/504424\/revisions\/504431"}],"wp:featuredmedia":[{"embeddable":true,"href":"http:\/\/desarrollo.grupomedios.com\/futbol\/wp-json\/wp\/v2\/media\/504430"}],"wp:attachment":[{"href":"http:\/\/desarrollo.grupomedios.com\/futbol\/wp-json\/wp\/v2\/media?parent=504424"}],"wp:term":[{"taxonomy":"category","embeddable":true,"href":"http:\/\/desarrollo.grupomedios.com\/futbol\/wp-json\/wp\/v2\/categories?post=504424"},{"taxonomy":"post_tag","embeddable":true,"href":"http:\/\/desarrollo.grupomedios.com\/futbol\/wp-json\/wp\/v2\/tags?post=504424"}],"curies":[{"name":"wp","href":"https:\/\/api.w.org\/{rel}","templated":true}]}}