{"id":504425,"date":"2017-10-13T09:20:19","date_gmt":"2017-10-13T14:20:19","guid":{"rendered":"https:\/\/www.futboltotal.com.mx\/?p=504425"},"modified":"2017-10-13T09:32:57","modified_gmt":"2017-10-13T14:32:57","slug":"pelea-jose-ramon-alvaro-morales-eres-payasito","status":"publish","type":"post","link":"http:\/\/desarrollo.grupomedios.com\/futbol\/cambio-de-juego\/pelea-jose-ramon-alvaro-morales-eres-payasito\/2017\/10","title":{"rendered":"Pelea entre Jos\u00e9 Ram\u00f3n y \u00c1lvaro Morales: &#8220;Eres s\u00f3lo un payasito&#8221;"},"content":{"rendered":"<p>Los comentaristas deportivos <strong>Jos\u00e9 Ram\u00f3n Fern\u00e1ndez<\/strong> y <strong>\u00c1lvaro Morales<\/strong> protagonizaron una acalorada pelea en redes sociales iniciada por el segundo, quien felicit\u00f3 al veterano periodista por los 101 a\u00f1os de vida del <strong>Am\u00e9rica<\/strong>, lo que caus\u00f3 la ira \u00a0de este.<\/p>\n<p><a href=\"https:\/\/www.futboltotal.com.mx\/wp-content\/uploads\/2017\/10\/Screen-Shot-2017-10-13-at-8.55.12-AM.png\"><img decoding=\"async\" loading=\"lazy\" class=\"aligncenter size-full wp-image-504434\" src=\"https:\/\/www.futboltotal.com.mx\/wp-content\/uploads\/2017\/10\/Screen-Shot-2017-10-13-at-8.55.12-AM.png\" alt=\"Pelea entre Jos\u00e9 Ram\u00f3n y \u00c1lvaro Morales: &#8220;Eres s\u00f3lo un payasito&#8221; 0\" srcset=\"http:\/\/desarrollo.grupomedios.com\/futbol\/wp-content\/uploads\/2017\/10\/Screen-Shot-2017-10-13-at-8.55.12-AM.png 634w, http:\/\/desarrollo.grupomedios.com\/futbol\/wp-content\/uploads\/2017\/10\/Screen-Shot-2017-10-13-at-8.55.12-AM-300x158.png 300w\" sizes=\"(max-width: 634px) 100vw, 634px\" \/><\/a><\/p>\n<p>Este mensaje no tard\u00f3 en ser respondido y un par de horas despu\u00e9s vino el contraataque por parte de Jos\u00e9 Ram\u00f3n ante las inoportunas palabras de su compa\u00f1ero en la cadena <strong>ESPN<\/strong>.<\/p>\n<p><a href=\"https:\/\/www.futboltotal.com.mx\/wp-content\/uploads\/2017\/10\/Screen-Shot-2017-10-13-at-8.55.36-AM.png\"><img decoding=\"async\" loading=\"lazy\" class=\"aligncenter size-full wp-image-504433\" src=\"https:\/\/www.futboltotal.com.mx\/wp-content\/uploads\/2017\/10\/Screen-Shot-2017-10-13-at-8.55.36-AM.png\" alt=\"Pelea entre Jos\u00e9 Ram\u00f3n y \u00c1lvaro Morales: &#8220;Eres s\u00f3lo un payasito&#8221; 1\" srcset=\"http:\/\/desarrollo.grupomedios.com\/futbol\/wp-content\/uploads\/2017\/10\/Screen-Shot-2017-10-13-at-8.55.36-AM.png 637w, http:\/\/desarrollo.grupomedios.com\/futbol\/wp-content\/uploads\/2017\/10\/Screen-Shot-2017-10-13-at-8.55.36-AM-300x126.png 300w\" sizes=\"(max-width: 637px) 100vw, 637px\" \/><\/a><\/p>\n<p>La discusi\u00f3n apenas empezaba y vinieron dos tuits m\u00e1s por parte de Morales, que en sus palabras luci\u00f3 falto de argumentos, e incluso lanz\u00f3 dardos contra Faitelson y <strong>Juan Pablo<\/strong>, hijo de Fern\u00e1ndez y conductor de un show de entretenimiento en la misma cadena deportiva.<\/p>\n<p><a href=\"https:\/\/www.futboltotal.com.mx\/wp-content\/uploads\/2017\/10\/Screen-Shot-2017-10-13-at-8.55.55-AM.png\"><img decoding=\"async\" loading=\"lazy\" class=\"aligncenter size-full wp-image-504436\" src=\"https:\/\/www.futboltotal.com.mx\/wp-content\/uploads\/2017\/10\/Screen-Shot-2017-10-13-at-8.55.55-AM.png\" alt=\"Pelea entre Jos\u00e9 Ram\u00f3n y \u00c1lvaro Morales: &#8220;Eres s\u00f3lo un payasito&#8221; 2\" srcset=\"http:\/\/desarrollo.grupomedios.com\/futbol\/wp-content\/uploads\/2017\/10\/Screen-Shot-2017-10-13-at-8.55.55-AM.png 638w, http:\/\/desarrollo.grupomedios.com\/futbol\/wp-content\/uploads\/2017\/10\/Screen-Shot-2017-10-13-at-8.55.55-AM-300x111.png 300w\" sizes=\"(max-width: 638px) 100vw, 638px\" \/><\/a><a href=\"https:\/\/www.futboltotal.com.mx\/wp-content\/uploads\/2017\/10\/Screen-Shot-2017-10-13-at-9.07.30-AM.png\"><img decoding=\"async\" loading=\"lazy\" class=\"aligncenter size-full wp-image-504439\" src=\"https:\/\/www.futboltotal.com.mx\/wp-content\/uploads\/2017\/10\/Screen-Shot-2017-10-13-at-9.07.30-AM.png\" alt=\"Pelea entre Jos\u00e9 Ram\u00f3n y \u00c1lvaro Morales: &#8220;Eres s\u00f3lo un payasito&#8221; 3\" srcset=\"http:\/\/desarrollo.grupomedios.com\/futbol\/wp-content\/uploads\/2017\/10\/Screen-Shot-2017-10-13-at-9.07.30-AM.png 637w, http:\/\/desarrollo.grupomedios.com\/futbol\/wp-content\/uploads\/2017\/10\/Screen-Shot-2017-10-13-at-9.07.30-AM-300x156.png 300w\" sizes=\"(max-width: 637px) 100vw, 637px\" \/><\/a><\/p>\n<p>El hijo de Jos\u00e9 Ram\u00f3n acept\u00f3 que \u00e9l se dedica al entretenimiento deportivo, lo cual ha hecho por muchos a\u00f1os al igual que el propio \u00c1lvaro, lo que tambi\u00e9n recibi\u00f3 respuesta de este \u00faltimo.<\/p>\n<p><a href=\"https:\/\/www.futboltotal.com.mx\/wp-content\/uploads\/2017\/10\/Screen-Shot-2017-10-13-at-9.01.23-AM.png\"><img decoding=\"async\" loading=\"lazy\" class=\"aligncenter size-full wp-image-504437\" src=\"https:\/\/www.futboltotal.com.mx\/wp-content\/uploads\/2017\/10\/Screen-Shot-2017-10-13-at-9.01.23-AM.png\" alt=\"Pelea entre Jos\u00e9 Ram\u00f3n y \u00c1lvaro Morales: &#8220;Eres s\u00f3lo un payasito&#8221; 4\" srcset=\"http:\/\/desarrollo.grupomedios.com\/futbol\/wp-content\/uploads\/2017\/10\/Screen-Shot-2017-10-13-at-9.01.23-AM.png 638w, http:\/\/desarrollo.grupomedios.com\/futbol\/wp-content\/uploads\/2017\/10\/Screen-Shot-2017-10-13-at-9.01.23-AM-300x125.png 300w\" sizes=\"(max-width: 638px) 100vw, 638px\" \/><\/a><\/p>\n<p><a href=\"https:\/\/www.futboltotal.com.mx\/wp-content\/uploads\/2017\/10\/Screen-Shot-2017-10-13-at-9.01.41-AM.png\"><img decoding=\"async\" loading=\"lazy\" class=\"aligncenter size-full wp-image-504432\" src=\"https:\/\/www.futboltotal.com.mx\/wp-content\/uploads\/2017\/10\/Screen-Shot-2017-10-13-at-9.01.41-AM.png\" alt=\"Pelea entre Jos\u00e9 Ram\u00f3n y \u00c1lvaro Morales: &#8220;Eres s\u00f3lo un payasito&#8221; 5\" srcset=\"http:\/\/desarrollo.grupomedios.com\/futbol\/wp-content\/uploads\/2017\/10\/Screen-Shot-2017-10-13-at-9.01.41-AM.png 638w, http:\/\/desarrollo.grupomedios.com\/futbol\/wp-content\/uploads\/2017\/10\/Screen-Shot-2017-10-13-at-9.01.41-AM-300x171.png 300w\" sizes=\"(max-width: 638px) 100vw, 638px\" \/><\/a><\/p>\n<p>Finalmente, Faitelson tambi\u00e9n se manifest\u00f3 en Twitter, pero sin responder directamente a la pregunta inicial que caus\u00f3 el conflicto digital entre Jos\u00e9 Ram\u00f3n y \u00c1lvaro Morales.<\/p>\n<p><a href=\"https:\/\/www.futboltotal.com.mx\/wp-content\/uploads\/2017\/10\/Screen-Shot-2017-10-13-at-9.03.04-AM.png\"><img decoding=\"async\" loading=\"lazy\" class=\"aligncenter size-full wp-image-504435\" src=\"https:\/\/www.futboltotal.com.mx\/wp-content\/uploads\/2017\/10\/Screen-Shot-2017-10-13-at-9.03.04-AM.png\" alt=\"Pelea entre Jos\u00e9 Ram\u00f3n y \u00c1lvaro Morales: &#8220;Eres s\u00f3lo un payasito&#8221; 6\" srcset=\"http:\/\/desarrollo.grupomedios.com\/futbol\/wp-content\/uploads\/2017\/10\/Screen-Shot-2017-10-13-at-9.03.04-AM.png 635w, http:\/\/desarrollo.grupomedios.com\/futbol\/wp-content\/uploads\/2017\/10\/Screen-Shot-2017-10-13-at-9.03.04-AM-300x125.png 300w\" sizes=\"(max-width: 635px) 100vw, 635px\" \/><\/a><\/p>\n<p>&nbsp;<\/p>\n","protected":false},"excerpt":{"rendered":"<p>Los comentaristas deportivos protagonizaron una pol\u00e9mica discusi\u00f3n en redes.<\/p>\n","protected":false},"author":20,"featured_media":504429,"comment_status":"closed","ping_status":"closed","sticky":false,"template":"","format":"standard","meta":[],"categories":[5419],"tags":[9441,5959,3708,10585,5448,6974,584],"_links":{"self":[{"href":"http:\/\/desarrollo.grupomedios.com\/futbol\/wp-json\/wp\/v2\/posts\/504425"}],"collection":[{"href":"http:\/\/desarrollo.grupomedios.com\/futbol\/wp-json\/wp\/v2\/posts"}],"about":[{"href":"http:\/\/desarrollo.grupomedios.com\/futbol\/wp-json\/wp\/v2\/types\/post"}],"author":[{"embeddable":true,"href":"http:\/\/desarrollo.grupomedios.com\/futbol\/wp-json\/wp\/v2\/users\/20"}],"replies":[{"embeddable":true,"href":"http:\/\/desarrollo.grupomedios.com\/futbol\/wp-json\/wp\/v2\/comments?post=504425"}],"version-history":[{"count":2,"href":"http:\/\/desarrollo.grupomedios.com\/futbol\/wp-json\/wp\/v2\/posts\/504425\/revisions"}],"predecessor-version":[{"id":504441,"href":"http:\/\/desarrollo.grupomedios.com\/futbol\/wp-json\/wp\/v2\/posts\/504425\/revisions\/504441"}],"wp:featuredmedia":[{"embeddable":true,"href":"http:\/\/desarrollo.grupomedios.com\/futbol\/wp-json\/wp\/v2\/media\/504429"}],"wp:attachment":[{"href":"http:\/\/desarrollo.grupomedios.com\/futbol\/wp-json\/wp\/v2\/media?parent=504425"}],"wp:term":[{"taxonomy":"category","embeddable":true,"href":"http:\/\/desarrollo.grupomedios.com\/futbol\/wp-json\/wp\/v2\/categories?post=504425"},{"taxonomy":"post_tag","embeddable":true,"href":"http:\/\/desarrollo.grupomedios.com\/futbol\/wp-json\/wp\/v2\/tags?post=504425"}],"curies":[{"name":"wp","href":"https:\/\/api.w.org\/{rel}","templated":true}]}}