{"id":504438,"date":"2017-10-13T09:29:42","date_gmt":"2017-10-13T14:29:42","guid":{"rendered":"https:\/\/www.futboltotal.com.mx\/?p=504438"},"modified":"2017-10-13T09:29:42","modified_gmt":"2017-10-13T14:29:42","slug":"manchester-united-pagara-190-millones-este-jugador","status":"publish","type":"post","link":"http:\/\/desarrollo.grupomedios.com\/futbol\/futbol-chino\/manchester-united-pagara-190-millones-este-jugador\/2017\/10","title":{"rendered":"Manchester United pagar\u00e1 190 millones por este jugador"},"content":{"rendered":"<p><strong>Manchester United<\/strong> est\u00e1 buscando redondear su plantilla para pelear con los clubes grandes e importantes de Europa; uno de ellos es el campe\u00f3n de la Champions League, el <strong>Real Madrid<\/strong>, a quien buscar\u00edan robarle un fichaje en el que ambos pusieron la mira apenas hace unos meses.<\/p>\n<p>Real Madrid ha confiado en las habilidades de<strong>\u00a0Karim Benzema<\/strong> como delantero, sin embargo no tiene un sustituto natural, pues la venta de <strong>\u00c1lvaro Morata<\/strong> y <strong>Mariano<\/strong> solo deja en el banquillo a\u00a0<strong>Borja Mayoral<\/strong>, que a pesar del talento no es un delantero de garant\u00edas ni experiencia, por lo que habr\u00edan puesto la mirada en el ingl\u00e9s,<strong> Harry Kane.<\/strong><\/p>\n<p style=\"text-align: center;\"><a href=\"https:\/\/www.futboltotal.com.mx\/enner-valencia-suspendido-indefinidamente-ecuador\/2017\/10\/\" target=\"_blank\" rel=\"noopener\">VER M\u00c1S: Enner Valencia es suspendido con la Selecci\u00f3n de Ecuador<\/a><\/p>\n<p>Hace unas semanas se habl\u00f3 que los merengues hab\u00edan pedido informaci\u00f3n sobre el delantero estrellas del <strong>Tottenham Hotspur\u00a0<\/strong>y la Selecci\u00f3n de <strong>Inglaterra<\/strong>, lo que los <strong>Spurs<\/strong> dejaron claro es que pedir\u00edan <strong>220 millones de euros<\/strong> por el atacante de 24 a\u00f1os que en el presente 2017 registra 43 goles en 37 encuentros con su club y su equipo nacional.<\/p>\n<p>Ahora el diario <em>The Sun<\/em> ha indicado que el Manchester United desea ganarle el fichaje a los blancos y ha lanzado una oferta concreta por Kane de <strong>190 millones de euros<\/strong>; esta ser\u00eda la segunda ocasi\u00f3n en que <strong>Jos\u00e9 Mourinho<\/strong> intenta llevarse al delantero, pues el verano pasado ya hab\u00eda hecho lo posible por sumarlo a sus filas.<\/p>\n<p style=\"text-align: center;\"><a href=\"https:\/\/www.futboltotal.com.mx\/cavani-protagoniza-nueva-pelea-ahora-luis-suarez\/2017\/10\/\" target=\"_blank\" rel=\"noopener\">VER M\u00c1S: Edinson Cavani protagoniza nueva pelea, ahora con Luis Su\u00e1rez<\/a><\/p>\n<p>&nbsp;<\/p>\n","protected":false},"excerpt":{"rendered":"<p>Los Red Devils quieren ganarle el fichaje al Real Madrid<\/p>\n","protected":false},"author":159,"featured_media":504443,"comment_status":"closed","ping_status":"closed","sticky":false,"template":"","format":"standard","meta":[],"categories":[7501,7740],"tags":[5925,43,5988,7017],"_links":{"self":[{"href":"http:\/\/desarrollo.grupomedios.com\/futbol\/wp-json\/wp\/v2\/posts\/504438"}],"collection":[{"href":"http:\/\/desarrollo.grupomedios.com\/futbol\/wp-json\/wp\/v2\/posts"}],"about":[{"href":"http:\/\/desarrollo.grupomedios.com\/futbol\/wp-json\/wp\/v2\/types\/post"}],"author":[{"embeddable":true,"href":"http:\/\/desarrollo.grupomedios.com\/futbol\/wp-json\/wp\/v2\/users\/159"}],"replies":[{"embeddable":true,"href":"http:\/\/desarrollo.grupomedios.com\/futbol\/wp-json\/wp\/v2\/comments?post=504438"}],"version-history":[{"count":1,"href":"http:\/\/desarrollo.grupomedios.com\/futbol\/wp-json\/wp\/v2\/posts\/504438\/revisions"}],"predecessor-version":[{"id":504444,"href":"http:\/\/desarrollo.grupomedios.com\/futbol\/wp-json\/wp\/v2\/posts\/504438\/revisions\/504444"}],"wp:featuredmedia":[{"embeddable":true,"href":"http:\/\/desarrollo.grupomedios.com\/futbol\/wp-json\/wp\/v2\/media\/504443"}],"wp:attachment":[{"href":"http:\/\/desarrollo.grupomedios.com\/futbol\/wp-json\/wp\/v2\/media?parent=504438"}],"wp:term":[{"taxonomy":"category","embeddable":true,"href":"http:\/\/desarrollo.grupomedios.com\/futbol\/wp-json\/wp\/v2\/categories?post=504438"},{"taxonomy":"post_tag","embeddable":true,"href":"http:\/\/desarrollo.grupomedios.com\/futbol\/wp-json\/wp\/v2\/tags?post=504438"}],"curies":[{"name":"wp","href":"https:\/\/api.w.org\/{rel}","templated":true}]}}