{"id":504459,"date":"2017-10-13T10:26:24","date_gmt":"2017-10-13T15:26:24","guid":{"rendered":"https:\/\/www.futboltotal.com.mx\/?p=504459"},"modified":"2017-10-13T10:26:24","modified_gmt":"2017-10-13T15:26:24","slug":"timo-werner-sin-jugar-culpa-futbolista-chileno","status":"publish","type":"post","link":"http:\/\/desarrollo.grupomedios.com\/futbol\/futbol-internacional\/timo-werner-sin-jugar-culpa-futbolista-chileno\/2017\/10","title":{"rendered":"Timo Werner, sin jugar por culpa de futbolista chileno"},"content":{"rendered":"<p>El delantero de la <strong>Selecci\u00f3n de Alemania<\/strong> y <strong>RB Leipzig<\/strong>, <strong>Timo Werner<\/strong> no ha podido jugar y es debido al incidente que vivi\u00f3 en la pasada <strong>Copa Confederaciones<\/strong>, torneo donde sali\u00f3 campe\u00f3n con su combinado y fue el anotador del gol del triunfo en la final ante <strong>Chile<\/strong>.<\/p>\n<p>Hace dos semanas, el delantero sufri\u00f3 de mareos en un duelo ante el <strong>Besiktas<\/strong> correspondiente a la <strong>Champions League<\/strong>, lo que oblig\u00f3 a su estratega a sacarlo del terreno de juego y desde ese suceso, el artillero de 21 a\u00f1os no ha logrado volver a un terreno de juego desde ese entonces.<\/p>\n<p>En los \u00faltimos dos compromisos de la Selecci\u00f3n de Alemania, el delantero <strong>no fue convocado<\/strong> y nadie lo ha visto entrenar con el\u00a0RB Leipzig desde entonces, lo que ha levantado las sospechas de los periodistas en Alemania; de acuerdo con el diario <em>Bild<\/em>, el delantero no estar\u00e1 en el\u00a0<strong>Signal Iduna Park<\/strong> para enfrentar al <strong>Borussia Dortmund<\/strong>, debido a las dolencias que se han ido incrementando por el ruido.<\/p>\n<p style=\"text-align: center;\"><a href=\"https:\/\/www.futboltotal.com.mx\/enner-valencia-suspendido-indefinidamente-ecuador\/2017\/10\/\" target=\"_blank\" rel=\"noopener\">VER M\u00c1S: Enner Valencia, suspendido indefinidamente con Ecuador<\/a><\/p>\n<p>De acuerdo al rotativo, el parte m\u00e9dico del Leipzig indic\u00f3 que el delantero sufre de un\u00a0un bloqueo de los m\u00fasculos propios de la columna cervical y de la\u00a0articulaci\u00f3n temporomandibular. Apuntan a que los problemas de Werner se han dado a ra\u00edz del codazo que recibi\u00f3 por parte del jugador <strong>chileno<\/strong>,\u00a0<strong>Gonzalo Jara<\/strong>, a quien enfrent\u00f3 en la final de la Copa Confederaciones.<\/p>\n<p>&nbsp;<\/p>\n<p>El central que se desempe\u00f1a en <strong>Universidad de Chile<\/strong>, propin\u00f3 un codazo de forma violenta a Werner en una jugada en donde s\u00f3lo vio la tarjeta amarilla, y que ahora parece ha dejado secuelas en el delantero alem\u00e1n.<\/p>\n<p><iframe loading=\"lazy\" src=\"https:\/\/www.youtube.com\/embed\/9fJKecaJcHk?feature=oembed\" frameborder=\"0\" allowfullscreen><\/iframe><\/p>\n<p style=\"text-align: center;\"><a href=\"https:\/\/www.futboltotal.com.mx\/los-10-mejores-cruz-azul-vs-america-en-estadio-azul\/2017\/10\/\" target=\"_blank\" rel=\"noopener\">VER M\u00c1S: Los 10 mejores Cruz Azul vs Am\u00e9rica en el Estadio Azul<\/a><\/p>\n","protected":false},"excerpt":{"rendered":"<p>El atacante sufre secuelas despu\u00e9s del fuerte golpe<\/p>\n","protected":false},"author":159,"featured_media":504462,"comment_status":"closed","ping_status":"closed","sticky":false,"template":"","format":"standard","meta":[],"categories":[3839],"tags":[6000,406,1580,5656,7616,8853,10131],"_links":{"self":[{"href":"http:\/\/desarrollo.grupomedios.com\/futbol\/wp-json\/wp\/v2\/posts\/504459"}],"collection":[{"href":"http:\/\/desarrollo.grupomedios.com\/futbol\/wp-json\/wp\/v2\/posts"}],"about":[{"href":"http:\/\/desarrollo.grupomedios.com\/futbol\/wp-json\/wp\/v2\/types\/post"}],"author":[{"embeddable":true,"href":"http:\/\/desarrollo.grupomedios.com\/futbol\/wp-json\/wp\/v2\/users\/159"}],"replies":[{"embeddable":true,"href":"http:\/\/desarrollo.grupomedios.com\/futbol\/wp-json\/wp\/v2\/comments?post=504459"}],"version-history":[{"count":1,"href":"http:\/\/desarrollo.grupomedios.com\/futbol\/wp-json\/wp\/v2\/posts\/504459\/revisions"}],"predecessor-version":[{"id":504463,"href":"http:\/\/desarrollo.grupomedios.com\/futbol\/wp-json\/wp\/v2\/posts\/504459\/revisions\/504463"}],"wp:featuredmedia":[{"embeddable":true,"href":"http:\/\/desarrollo.grupomedios.com\/futbol\/wp-json\/wp\/v2\/media\/504462"}],"wp:attachment":[{"href":"http:\/\/desarrollo.grupomedios.com\/futbol\/wp-json\/wp\/v2\/media?parent=504459"}],"wp:term":[{"taxonomy":"category","embeddable":true,"href":"http:\/\/desarrollo.grupomedios.com\/futbol\/wp-json\/wp\/v2\/categories?post=504459"},{"taxonomy":"post_tag","embeddable":true,"href":"http:\/\/desarrollo.grupomedios.com\/futbol\/wp-json\/wp\/v2\/tags?post=504459"}],"curies":[{"name":"wp","href":"https:\/\/api.w.org\/{rel}","templated":true}]}}