{"id":504501,"date":"2017-10-13T13:33:01","date_gmt":"2017-10-13T18:33:01","guid":{"rendered":"https:\/\/www.futboltotal.com.mx\/?p=504501"},"modified":"2017-10-13T13:33:36","modified_gmt":"2017-10-13T18:33:36","slug":"christian-pulisic-ya-tiene-precio-tres-clubes-interesados","status":"publish","type":"post","link":"http:\/\/desarrollo.grupomedios.com\/futbol\/futbol-internacional\/christian-pulisic-ya-tiene-precio-tres-clubes-interesados\/2017\/10","title":{"rendered":"Christian Pulisic ya tiene precio y hay tres clubes interesados"},"content":{"rendered":"<p>El <strong>Borussia Dortmund<\/strong> est\u00e1 muy consciente que su joven perla,\u00a0<strong>Christian Pulisic,\u00a0<\/strong>de 19 a\u00f1os, ha llamado la atenci\u00f3n luego de actuaciones destacadas en la Bundesliga y con la Selecci\u00f3n de<strong> Estados Unidos<\/strong>, a pesar de quedar eliminado en su camino a <strong>Rusia 2018<\/strong>, por lo que ya le puso un precio fijo para los clubes interesados.<\/p>\n<p>Cabe recalcar que el actual contrato que ostenta el internacional estadounidense se extiende hasta el lejano 2020 y m\u00e1s all\u00e1 de estar pensando en venderlo, los alemanes est\u00e1n tratando de ampliarlo, mejorarlo y por supuesto, blindarlo. De acuerdo al diario\u00a0<i>Daily Express,\u00a0<\/i>el Dortmund no aceptar\u00eda menos de lo que pag\u00f3 el <strong>FC Barcelona<\/strong> por el fichaje del franc\u00e9s <strong>Ousmane Demb\u00e9l\u00e9<\/strong>, el cual rond\u00f3 los <strong>105 millones de euros<\/strong>.<\/p>\n<p style=\"text-align: center;\"><a href=\"https:\/\/www.futboltotal.com.mx\/mexico-noveno-favorito-ganar-en-rusia-2018\/2017\/10\/\" target=\"_blank\" rel=\"noopener\">VER M\u00c1S: M\u00e9xico, noveno favorito para ganar en Rusia 2018<\/a><\/p>\n<p>Entre los principales interesados que ya han contactado a la entidad de la Bundesliga para hacerse con los servicios del juvenil estadounidense son dos equipos de la <strong>Premier League<\/strong>; <strong>Arsenal<\/strong> y <strong>Liverpool<\/strong>, adem\u00e1s del actual campe\u00f3n de <strong>Champions League<\/strong>, el <strong>Real Madrid<\/strong>, quien habr\u00eda quedado prensado del talento de <strong>Pulisic<\/strong> precisamente en las ocasiones que se han enfrentado en este torneo.<\/p>\n<p>Pulisic es un extremo de f\u00edsico liviano, 163 cent\u00edmetros de estatura, sin embargo su visi\u00f3n de juego y <strong>liderazgo<\/strong> han sido suficientes para ganarse la confianza de los estrategas en Dortmund y Estados Unidos, esta \u00faltima con la que suma <strong>20 partidos<\/strong> y<strong> 9 anotaciones<\/strong>, siendo adem\u00e1s, el jugador m\u00e1s joven en disputar un partido de la fase de clasificaci\u00f3n para el Mundial.<\/p>\n<p><iframe loading=\"lazy\" src=\"https:\/\/www.youtube.com\/embed\/LuNHvmVpiNE?feature=oembed\" frameborder=\"0\" allowfullscreen><\/iframe><\/p>\n<p style=\"text-align: center;\"><a href=\"https:\/\/www.futboltotal.com.mx\/los-10-mejores-cruz-azul-vs-america-en-estadio-azul\/2017\/10\/\" target=\"_blank\" rel=\"noopener\">VER M\u00c1S: Los 10 mejores Cruz Azul vs Am\u00e9rica en el Estadio Azul<\/a><\/p>\n","protected":false},"excerpt":{"rendered":"<p>El mediocampista se ha ganado el inter\u00e9s de grandes clubes de Europa<\/p>\n","protected":false},"author":159,"featured_media":504503,"comment_status":"closed","ping_status":"closed","sticky":false,"template":"","format":"standard","meta":[],"categories":[7740,3839],"tags":[6044,6047,8065,5989,5988],"_links":{"self":[{"href":"http:\/\/desarrollo.grupomedios.com\/futbol\/wp-json\/wp\/v2\/posts\/504501"}],"collection":[{"href":"http:\/\/desarrollo.grupomedios.com\/futbol\/wp-json\/wp\/v2\/posts"}],"about":[{"href":"http:\/\/desarrollo.grupomedios.com\/futbol\/wp-json\/wp\/v2\/types\/post"}],"author":[{"embeddable":true,"href":"http:\/\/desarrollo.grupomedios.com\/futbol\/wp-json\/wp\/v2\/users\/159"}],"replies":[{"embeddable":true,"href":"http:\/\/desarrollo.grupomedios.com\/futbol\/wp-json\/wp\/v2\/comments?post=504501"}],"version-history":[{"count":1,"href":"http:\/\/desarrollo.grupomedios.com\/futbol\/wp-json\/wp\/v2\/posts\/504501\/revisions"}],"predecessor-version":[{"id":504504,"href":"http:\/\/desarrollo.grupomedios.com\/futbol\/wp-json\/wp\/v2\/posts\/504501\/revisions\/504504"}],"wp:featuredmedia":[{"embeddable":true,"href":"http:\/\/desarrollo.grupomedios.com\/futbol\/wp-json\/wp\/v2\/media\/504503"}],"wp:attachment":[{"href":"http:\/\/desarrollo.grupomedios.com\/futbol\/wp-json\/wp\/v2\/media?parent=504501"}],"wp:term":[{"taxonomy":"category","embeddable":true,"href":"http:\/\/desarrollo.grupomedios.com\/futbol\/wp-json\/wp\/v2\/categories?post=504501"},{"taxonomy":"post_tag","embeddable":true,"href":"http:\/\/desarrollo.grupomedios.com\/futbol\/wp-json\/wp\/v2\/tags?post=504501"}],"curies":[{"name":"wp","href":"https:\/\/api.w.org\/{rel}","templated":true}]}}