{"id":504564,"date":"2017-10-24T13:50:02","date_gmt":"2017-10-24T18:50:02","guid":{"rendered":"https:\/\/www.futboltotal.com.mx\/?p=504564"},"modified":"2017-10-24T14:03:46","modified_gmt":"2017-10-24T19:03:46","slug":"los-botines-cristiano-ronaldo-por-premio-the-best","status":"publish","type":"post","link":"http:\/\/desarrollo.grupomedios.com\/futbol\/videos\/los-botines-cristiano-ronaldo-por-premio-the-best\/2017\/10","title":{"rendered":"Los botines de Cristiano Ronaldo por su premio The Best"},"content":{"rendered":"<p><strong>POR: STAFF FT<\/strong><\/p>\n<p><strong>Cristiano Ronaldo,\u00a0<\/strong>que se proclam\u00f3 este lunes por segundo a\u00f1o consecutivo como el ganador del <strong>The Best<\/strong>, galard\u00f3n que distingue al mejor jugador del a\u00f1o seg\u00fan la <strong>FIFA<\/strong>, est\u00e1 estrenando nuevo calzado para conmemorar el galard\u00f3n y lo ha hecho gracias a <strong>Nike<\/strong> pero con la inspiraci\u00f3n que le ha provocado su carrera en el <strong>Real Madrid<\/strong> desde el 2009 que pis\u00f3 por primera vez el<strong> Santiago Bernab\u00e9u<\/strong> cuando 80 mil personas fueron a recibirlo, presagiando el futbolista en el que se convertir\u00eda para los merengues.<\/p>\n<div class=\"home-element\">\n<p>&#8220;<strong>Cuando llegu\u00e9 hab\u00eda mucha gente, no s\u00f3lo dentro del estadio, sino tambi\u00e9n fuera. Fue un d\u00eda incre\u00edble y sent\u00ed el poder de Madrid&#8221;<\/strong>, recuerda el futbolista portugu\u00e9s al respecto. Apenas en su primer partido con la camiseta blanca y en ese entonces con el dorsal &#8216;9&#8217;, anot\u00f3. De igual forma se convirti\u00f3 en el primer jugador en anotarle a todos los equipos de la Liga Espa\u00f1ola y los logros solo fueron increment\u00e1ndose con el paso del tiempo.<\/p>\n<p><a href=\"https:\/\/www.futboltotal.com.mx\/wp-content\/uploads\/2017\/10\/CR7-Nike.jpg\"><img decoding=\"async\" loading=\"lazy\" class=\"alignnone wp-image-504565 size-full\" src=\"https:\/\/www.futboltotal.com.mx\/wp-content\/uploads\/2017\/10\/CR7-Nike.jpg\" alt=\"Los botines de Cristiano Ronaldo por su premio The Best 0\" srcset=\"http:\/\/desarrollo.grupomedios.com\/futbol\/wp-content\/uploads\/2017\/10\/CR7-Nike.jpg 1600w, http:\/\/desarrollo.grupomedios.com\/futbol\/wp-content\/uploads\/2017\/10\/CR7-Nike-300x164.jpg 300w, http:\/\/desarrollo.grupomedios.com\/futbol\/wp-content\/uploads\/2017\/10\/CR7-Nike-768x419.jpg 768w, http:\/\/desarrollo.grupomedios.com\/futbol\/wp-content\/uploads\/2017\/10\/CR7-Nike-1024x559.jpg 1024w\" sizes=\"(max-width: 1600px) 100vw, 1600px\" \/><\/a><\/p>\n<div style=\"text-align: center;\">\n<p><a href=\"https:\/\/www.futboltotal.com.mx\/gullit-pena-se-luce-rangers-anota-doblete\/2017\/10\/\" target=\"_blank\" rel=\"noopener\">VER M\u00c1S: Gullit Pe\u00f1a se luce con Rangers y anota doblete<\/a><\/p>\n<p style=\"text-align: left;\">Toda esta historia ha desencadenado en el nuevo dise\u00f1o de sus botines, llamados<strong>\u00a0Chapter 5: Cut to Brilliance<\/strong>, los cuales tienen un gr\u00e1fico inspirado en los diamantes, pero d\u00e1ndole un fondo blanco como la camiseta del <strong>Real Madrid<\/strong>. Los peque\u00f1os hilos multicolores lanzan destellos con la luz, imitando los colores en la refacci\u00f3n de diamantes.<\/p>\n<div><a href=\"https:\/\/www.futboltotal.com.mx\/wp-content\/uploads\/2017\/10\/CR7-Nike-2.jpg\"><img decoding=\"async\" loading=\"lazy\" class=\"alignnone wp-image-504566 size-full\" src=\"https:\/\/www.futboltotal.com.mx\/wp-content\/uploads\/2017\/10\/CR7-Nike-2.jpg\" alt=\"Los botines de Cristiano Ronaldo por su premio The Best 1\" srcset=\"http:\/\/desarrollo.grupomedios.com\/futbol\/wp-content\/uploads\/2017\/10\/CR7-Nike-2.jpg 1600w, http:\/\/desarrollo.grupomedios.com\/futbol\/wp-content\/uploads\/2017\/10\/CR7-Nike-2-300x164.jpg 300w, http:\/\/desarrollo.grupomedios.com\/futbol\/wp-content\/uploads\/2017\/10\/CR7-Nike-2-768x419.jpg 768w, http:\/\/desarrollo.grupomedios.com\/futbol\/wp-content\/uploads\/2017\/10\/CR7-Nike-2-1024x559.jpg 1024w\" sizes=\"(max-width: 1600px) 100vw, 1600px\" \/><\/a><\/div>\n<p style=\"text-align: left;\">En un costado se puede mirar el ya cl\u00e1sico\u00a0logo de CR7, mientras que en la parte trasera brilla un diamante y la fecha en la que debut\u00f3 con el Real Madrid, todo acompa\u00f1ado de la frase<strong>\u00a0&#8220;El Sue\u00f1o del Ni\u00f1o&#8221;,<\/strong> engalanando unos botines que se muestran sobrios pero espectaculares, la combinaci\u00f3n perfecta entre la tradici\u00f3n merengue y el talento del portugu\u00e9s.<\/p>\n<div>\n<p><a href=\"https:\/\/www.futboltotal.com.mx\/wp-content\/uploads\/2017\/10\/CR7-Nike-1.jpg\"><img decoding=\"async\" loading=\"lazy\" class=\"wp-image-504567 size-full aligncenter\" src=\"https:\/\/www.futboltotal.com.mx\/wp-content\/uploads\/2017\/10\/CR7-Nike-1.jpg\" alt=\"Los botines de Cristiano Ronaldo por su premio The Best 2\" srcset=\"http:\/\/desarrollo.grupomedios.com\/futbol\/wp-content\/uploads\/2017\/10\/CR7-Nike-1.jpg 700w, http:\/\/desarrollo.grupomedios.com\/futbol\/wp-content\/uploads\/2017\/10\/CR7-Nike-1-300x179.jpg 300w\" sizes=\"(max-width: 700px) 100vw, 700px\" \/><\/a><\/p>\n<p>No puedes perderte las palabras del propio Cristiano Ronaldo para dise\u00f1ar estos botines especiales:<\/p>\n<p><iframe loading=\"lazy\" src=\"https:\/\/www.youtube.com\/embed\/CX2ZGtS5Zzg?feature=oembed\" frameborder=\"0\" allowfullscreen><\/iframe><\/p>\n<p style=\"text-align: center;\"><a href=\"https:\/\/www.futboltotal.com.mx\/mexico-noveno-favorito-ganar-en-rusia-2018\/2017\/10\/\" target=\"_blank\" rel=\"noopener\">VER M\u00c1S: M\u00e9xico, noveno favorito para ganar en Rusia 2018<\/a><\/p>\n<\/div>\n<\/div>\n<\/div>\n","protected":false},"excerpt":{"rendered":"<p>El delantero portugu\u00e9s fue elegido el mejor jugador y lanz\u00f3 unos zapatos para conmemorarlo<\/p>\n","protected":false},"author":159,"featured_media":504571,"comment_status":"closed","ping_status":"closed","sticky":false,"template":"","format":"standard","meta":[],"categories":[3839,4],"tags":[6013,377,715,5988],"_links":{"self":[{"href":"http:\/\/desarrollo.grupomedios.com\/futbol\/wp-json\/wp\/v2\/posts\/504564"}],"collection":[{"href":"http:\/\/desarrollo.grupomedios.com\/futbol\/wp-json\/wp\/v2\/posts"}],"about":[{"href":"http:\/\/desarrollo.grupomedios.com\/futbol\/wp-json\/wp\/v2\/types\/post"}],"author":[{"embeddable":true,"href":"http:\/\/desarrollo.grupomedios.com\/futbol\/wp-json\/wp\/v2\/users\/159"}],"replies":[{"embeddable":true,"href":"http:\/\/desarrollo.grupomedios.com\/futbol\/wp-json\/wp\/v2\/comments?post=504564"}],"version-history":[{"count":6,"href":"http:\/\/desarrollo.grupomedios.com\/futbol\/wp-json\/wp\/v2\/posts\/504564\/revisions"}],"predecessor-version":[{"id":506296,"href":"http:\/\/desarrollo.grupomedios.com\/futbol\/wp-json\/wp\/v2\/posts\/504564\/revisions\/506296"}],"wp:featuredmedia":[{"embeddable":true,"href":"http:\/\/desarrollo.grupomedios.com\/futbol\/wp-json\/wp\/v2\/media\/504571"}],"wp:attachment":[{"href":"http:\/\/desarrollo.grupomedios.com\/futbol\/wp-json\/wp\/v2\/media?parent=504564"}],"wp:term":[{"taxonomy":"category","embeddable":true,"href":"http:\/\/desarrollo.grupomedios.com\/futbol\/wp-json\/wp\/v2\/categories?post=504564"},{"taxonomy":"post_tag","embeddable":true,"href":"http:\/\/desarrollo.grupomedios.com\/futbol\/wp-json\/wp\/v2\/tags?post=504564"}],"curies":[{"name":"wp","href":"https:\/\/api.w.org\/{rel}","templated":true}]}}