{"id":504588,"date":"2017-10-13T19:19:15","date_gmt":"2017-10-14T00:19:15","guid":{"rendered":"https:\/\/www.futboltotal.com.mx\/?p=504588"},"modified":"2017-10-13T21:01:26","modified_gmt":"2017-10-14T02:01:26","slug":"los-100-juegos-tiago-volpi-queretaro","status":"publish","type":"post","link":"http:\/\/desarrollo.grupomedios.com\/futbol\/futbol-mexicano\/los-100-juegos-tiago-volpi-queretaro\/2017\/10","title":{"rendered":"Los 100 juegos de Tiago Volpi con Quer\u00e9taro"},"content":{"rendered":"<p>El arquero <strong>Tiago Volpi<\/strong> celebra su partido 100 con la instituci\u00f3n de los <em>Gallos Blancos<\/em> de <strong>Quer\u00e9taro<\/strong>.<\/p>\n<p>El brasile\u00f1o se ha convertido en el gran referente y capit\u00e1n de los queretanos, que incluso lo ha llevado ya a haber sido <strong>campe\u00f3n de Copa<\/strong> con los Gallos.<\/p>\n<p>La cuenta oficial de Quer\u00e9taro no pas\u00f3 desapercibida sobre este hecho, y dio a conocer una publicaci\u00f3n de felicitaci\u00f3n hacia su jugador.<\/p>\n<blockquote class=\"twitter-tweet\" data-lang=\"es\">\n<p dir=\"ltr\" lang=\"en\">Esta noche <a href=\"https:\/\/twitter.com\/TiagoVolpi?ref_src=twsrc%5Etfw\">@TiagoVolpi<\/a> llega a 1\ufe0f\u20e30\ufe0f\u20e30\ufe0f\u20e3 partidos en <a href=\"https:\/\/twitter.com\/LIGABancomerMX?ref_src=twsrc%5Etfw\">@LIGABancomerMX<\/a>.<a href=\"https:\/\/twitter.com\/hashtag\/SiempreGallos?src=hash&amp;ref_src=twsrc%5Etfw\">#SiempreGallos<\/a> <a href=\"https:\/\/t.co\/RiPl2jPeWH\">pic.twitter.com\/RiPl2jPeWH<\/a><\/p>\n<p>\u2014 Gallos de Quer\u00e9taro (@Club_Queretaro) <a href=\"https:\/\/twitter.com\/Club_Queretaro\/status\/918985978991214597?ref_src=twsrc%5Etfw\">13 de octubre de 2017<\/a><\/p><\/blockquote>\n<p><script async src=\"\/\/platform.twitter.com\/widgets.js\" charset=\"utf-8\"><\/script><\/p>\n<p>Desde el 2014, Volpi forma parte de los Gallos Blancos, y dentro de su palmar\u00e9s, tambi\u00e9n tiene una Supercopa MX con los queretanos.<\/p>\n<p>&nbsp;<\/p>\n","protected":false},"excerpt":{"rendered":"<p>El arquero brasile\u00f1o se ha convertido en un icono de la escuadra queretana<\/p>\n","protected":false},"author":20,"featured_media":504589,"comment_status":"closed","ping_status":"closed","sticky":false,"template":"","format":"standard","meta":[],"categories":[2198,3845],"tags":[5970,7541],"_links":{"self":[{"href":"http:\/\/desarrollo.grupomedios.com\/futbol\/wp-json\/wp\/v2\/posts\/504588"}],"collection":[{"href":"http:\/\/desarrollo.grupomedios.com\/futbol\/wp-json\/wp\/v2\/posts"}],"about":[{"href":"http:\/\/desarrollo.grupomedios.com\/futbol\/wp-json\/wp\/v2\/types\/post"}],"author":[{"embeddable":true,"href":"http:\/\/desarrollo.grupomedios.com\/futbol\/wp-json\/wp\/v2\/users\/20"}],"replies":[{"embeddable":true,"href":"http:\/\/desarrollo.grupomedios.com\/futbol\/wp-json\/wp\/v2\/comments?post=504588"}],"version-history":[{"count":1,"href":"http:\/\/desarrollo.grupomedios.com\/futbol\/wp-json\/wp\/v2\/posts\/504588\/revisions"}],"predecessor-version":[{"id":504590,"href":"http:\/\/desarrollo.grupomedios.com\/futbol\/wp-json\/wp\/v2\/posts\/504588\/revisions\/504590"}],"wp:featuredmedia":[{"embeddable":true,"href":"http:\/\/desarrollo.grupomedios.com\/futbol\/wp-json\/wp\/v2\/media\/504589"}],"wp:attachment":[{"href":"http:\/\/desarrollo.grupomedios.com\/futbol\/wp-json\/wp\/v2\/media?parent=504588"}],"wp:term":[{"taxonomy":"category","embeddable":true,"href":"http:\/\/desarrollo.grupomedios.com\/futbol\/wp-json\/wp\/v2\/categories?post=504588"},{"taxonomy":"post_tag","embeddable":true,"href":"http:\/\/desarrollo.grupomedios.com\/futbol\/wp-json\/wp\/v2\/tags?post=504588"}],"curies":[{"name":"wp","href":"https:\/\/api.w.org\/{rel}","templated":true}]}}