{"id":504591,"date":"2017-10-13T19:41:42","date_gmt":"2017-10-14T00:41:42","guid":{"rendered":"https:\/\/www.futboltotal.com.mx\/?p=504591"},"modified":"2017-10-13T21:01:16","modified_gmt":"2017-10-14T02:01:16","slug":"diez-anos-primer-gol-luis-suarez-uruguay","status":"publish","type":"post","link":"http:\/\/desarrollo.grupomedios.com\/futbol\/futbol-internacional\/diez-anos-primer-gol-luis-suarez-uruguay\/2017\/10","title":{"rendered":"Hace diez a\u00f1os, el primer gol de Luis Su\u00e1rez con Uruguay"},"content":{"rendered":"<p>El delantero del Barcelona <strong>Luis Su\u00e1rez<\/strong> celebr\u00f3 en las redes sociales los diez a\u00f1os desde que convirti\u00f3 su primer gol con la selecci\u00f3n uruguaya, el 13 de octubre de 2007 a la de <strong>Bolivia<\/strong> por las eliminatorias sudamericanas del <strong>Mundial de Sud\u00e1frica 2010<\/strong>.<\/p>\n<p>&#8220;Hoy hace 10 a\u00f1os que cumpl\u00eda un SUE\u00d1O! Primer gol con la camiseta de mi pa\u00eds. Uno de los d\u00edas m\u00e1s importantes y felices que he vivido&#8221;, escribi\u00f3 el jugador en su cuenta de Twitter.<\/p>\n<p>Ese d\u00eda la Celeste gole\u00f3 por 5-0 en el <strong>Estadio Centenario de Montevideo<\/strong> con goles de Su\u00e1rez, Sebasti\u00e1n Abreu, Diego Forl\u00e1n, Carlos Bueno y Vicente S\u00e1nchez.<\/p>\n<p style=\"text-align: center;\"><a href=\"https:\/\/www.futboltotal.com.mx\/los-100-juegos-tiago-volpi-queretaro\/2017\/10\/\">VER M\u00c1S:\u00a0<span class=\"item-title\">Los 100 juegos de Tiago Volpi con Quer\u00e9taro<\/span><\/a><\/p>\n<p style=\"text-align: left;\">La Asociaci\u00f3n Uruguay de F\u00fatbol (AUF) tambi\u00e9n homenaje\u00f3 a Su\u00e1rez.<\/p>\n<p>&#8220;Hoy, con 49 goles, es el goleador hist\u00f3rico de Uruguay&#8221;, escribi\u00f3 la AUF, que comparti\u00f3 el v\u00eddeo del primer gol del delantero.<\/p>\n<p>Su\u00e1rez comparte con <strong>Lionel Messi<\/strong> la condici\u00f3n de m\u00e1ximos goleadores de las eliminatorias sudamericanas del Mundial, con 21.<\/p>\n<blockquote class=\"twitter-video\" data-lang=\"es\">\n<p dir=\"ltr\" lang=\"en\">Today 10 years ago i achieved a DREAM! My first goal with my national team shirt. One of the most important and happy days i\u2019ve lived &#x1f600;&#x1f600;&#x1f600;&#x1f600; <a href=\"https:\/\/t.co\/PeVTu3cwHT\">pic.twitter.com\/PeVTu3cwHT<\/a><\/p>\n<p>\u2014 Luis Suarez (@LuisSuarez9) <a href=\"https:\/\/twitter.com\/LuisSuarez9\/status\/918935035192934401?ref_src=twsrc%5Etfw\">13 de octubre de 2017<\/a><\/p><\/blockquote>\n<p><script async src=\"\/\/platform.twitter.com\/widgets.js\" charset=\"utf-8\"><\/script><\/p>\n","protected":false},"excerpt":{"rendered":"<p>El delantero charr\u00faa lo celebr\u00f3 en sus cuentas de redes sociales<\/p>\n","protected":false},"author":144,"featured_media":504592,"comment_status":"closed","ping_status":"closed","sticky":false,"template":"","format":"standard","meta":[],"categories":[7566,3839],"tags":[6016,503],"_links":{"self":[{"href":"http:\/\/desarrollo.grupomedios.com\/futbol\/wp-json\/wp\/v2\/posts\/504591"}],"collection":[{"href":"http:\/\/desarrollo.grupomedios.com\/futbol\/wp-json\/wp\/v2\/posts"}],"about":[{"href":"http:\/\/desarrollo.grupomedios.com\/futbol\/wp-json\/wp\/v2\/types\/post"}],"author":[{"embeddable":true,"href":"http:\/\/desarrollo.grupomedios.com\/futbol\/wp-json\/wp\/v2\/users\/144"}],"replies":[{"embeddable":true,"href":"http:\/\/desarrollo.grupomedios.com\/futbol\/wp-json\/wp\/v2\/comments?post=504591"}],"version-history":[{"count":1,"href":"http:\/\/desarrollo.grupomedios.com\/futbol\/wp-json\/wp\/v2\/posts\/504591\/revisions"}],"predecessor-version":[{"id":504593,"href":"http:\/\/desarrollo.grupomedios.com\/futbol\/wp-json\/wp\/v2\/posts\/504591\/revisions\/504593"}],"wp:featuredmedia":[{"embeddable":true,"href":"http:\/\/desarrollo.grupomedios.com\/futbol\/wp-json\/wp\/v2\/media\/504592"}],"wp:attachment":[{"href":"http:\/\/desarrollo.grupomedios.com\/futbol\/wp-json\/wp\/v2\/media?parent=504591"}],"wp:term":[{"taxonomy":"category","embeddable":true,"href":"http:\/\/desarrollo.grupomedios.com\/futbol\/wp-json\/wp\/v2\/categories?post=504591"},{"taxonomy":"post_tag","embeddable":true,"href":"http:\/\/desarrollo.grupomedios.com\/futbol\/wp-json\/wp\/v2\/tags?post=504591"}],"curies":[{"name":"wp","href":"https:\/\/api.w.org\/{rel}","templated":true}]}}