{"id":504624,"date":"2017-10-14T08:25:59","date_gmt":"2017-10-14T13:25:59","guid":{"rendered":"https:\/\/www.futboltotal.com.mx\/?p=504624"},"modified":"2017-10-14T17:40:20","modified_gmt":"2017-10-14T22:40:20","slug":"miguel-herrera-ejemplo-de-lider-que-paco-jemez-debe-seguir","status":"publish","type":"post","link":"http:\/\/desarrollo.grupomedios.com\/futbol\/futbol-mexicano\/miguel-herrera-ejemplo-de-lider-que-paco-jemez-debe-seguir\/2017\/10","title":{"rendered":"Miguel Herrera, el ejemplo de l\u00edder que Paco J\u00e9mez debe seguir"},"content":{"rendered":"<p><strong>Miguel Herrera<\/strong> es un entrenador de 49 a\u00f1os que ha tenido dos de las experiencias m\u00e1s importantes que puede vivir un t\u00e9cnico en M\u00e9xico: dirigir a las <em>\u00c1guilas<\/em> del <strong>Am\u00e9rica<\/strong>, el equipo con m\u00e1s campeonatos de la <strong>Liga MX<\/strong> con 12, y estar al frente de la Selecci\u00f3n Mexicana en un <strong>Mundial<\/strong> como lo hizo en Brasil 2014.<\/p>\n<p><strong>Paco J\u00e9mez<\/strong> es un estratega de 47 a\u00f1os que dirigi\u00f3 durante diez a\u00f1os de su vida en el futbol espa\u00f1ol, en su gran mayor\u00eda a escuadras que han peleado el descenso como Las Palmas, Rayo Vallecano y Granada.<\/p>\n<p>Dos realidades diferentes que se enfrentan este s\u00e1bado en la cancha del estadio Azul cuando Cruz Azul y Am\u00e9rica se vean las caras en la <strong>Jornada 13 del Torneo Apertura 2017<\/strong>, pero este no es s\u00f3lo un Cl\u00e1sico m\u00e1s, sino implica toda una ideolog\u00eda detr\u00e1s de ambas instituciones, y es ah\u00ed donde los dos estrategas tendr\u00e1n mucho qu\u00e9 decir, pero c\u00f3mo conseguir el triunfo en un partido importante y vital en las aspiraciones de ambos.<\/p>\n<p><strong>\u00bfPor qu\u00e9 Miguel Herrera es un l\u00edder nato?<\/strong><\/p>\n<p>La doctora <strong>Claudia Rivas Garza<\/strong>, psic\u00f3loga del deporte, detalla las cualidades que hacen de Miguel Herrera un l\u00edder en la cancha, y explica por qu\u00e9 Paco J\u00e9mez carece de ese liderazgo a\u00fan que le falta para tener a un <strong>Cruz Azul<\/strong> ganador.<\/p>\n<p>&#8220;Miguel Herrera tiene un conocimiento total de lo que es el futbol mexicano, conoce a sus jugadores, sabe c\u00f3mo motivarlos para sacar lo mejor de s\u00ed, y la prueba esta en todo lo que le ha dado al Am\u00e9rica y su gran papel en la <strong>Selecci\u00f3n Mexicana<\/strong>&#8220;, detall\u00f3 Rivas.<\/p>\n<p>La psic\u00f3loga compar\u00f3 la forma de dirigir del &#8216;Piojo&#8217; con Paco J\u00e9mez, y sobre el espa\u00f1ol asever\u00f3 que &#8220;el se\u00f1or quiso llegar al futbol mexicano a dirigir como lo hac\u00eda en Espa\u00f1a, y eso es un error, es una persona que ignoraba lo que era la <strong>Liga MX<\/strong>, que no sab\u00eda c\u00f3mo tratar con sus jugadores, c\u00f3mo sobrellevar a la prensa y c\u00f3mo es el contexto del futbol mexicano&#8221;.<\/p>\n<p><strong>Entonces, \u00bfPaco J\u00e9mez es un l\u00edder o no lo es?<\/strong><\/p>\n<p>De manera tajante, la doctora Rivas sentenci\u00f3 que &#8220;no se puede ser un l\u00edder si no se conoce el medio en el que se desenvuelve, puede llegar a serlo con el tiempo, pero siguiendo algunos par\u00e1metros como lo ha hecho Herrera en M\u00e9xico&#8221;.<\/p>\n<p>&nbsp;<\/p>\n","protected":false},"excerpt":{"rendered":"<p>Cu\u00e1les son las claves que han hecho al &#8216;Piojo&#8217; alcanzar sus objetivos en M\u00e9xico, y que el entrenador espa\u00f1ol deber\u00eda de seguir<\/p>\n","protected":false},"author":160,"featured_media":504625,"comment_status":"closed","ping_status":"closed","sticky":false,"template":"","format":"standard","meta":[],"categories":[7570,2198,3845],"tags":[5959,5962,255,7053],"_links":{"self":[{"href":"http:\/\/desarrollo.grupomedios.com\/futbol\/wp-json\/wp\/v2\/posts\/504624"}],"collection":[{"href":"http:\/\/desarrollo.grupomedios.com\/futbol\/wp-json\/wp\/v2\/posts"}],"about":[{"href":"http:\/\/desarrollo.grupomedios.com\/futbol\/wp-json\/wp\/v2\/types\/post"}],"author":[{"embeddable":true,"href":"http:\/\/desarrollo.grupomedios.com\/futbol\/wp-json\/wp\/v2\/users\/160"}],"replies":[{"embeddable":true,"href":"http:\/\/desarrollo.grupomedios.com\/futbol\/wp-json\/wp\/v2\/comments?post=504624"}],"version-history":[{"count":2,"href":"http:\/\/desarrollo.grupomedios.com\/futbol\/wp-json\/wp\/v2\/posts\/504624\/revisions"}],"predecessor-version":[{"id":504649,"href":"http:\/\/desarrollo.grupomedios.com\/futbol\/wp-json\/wp\/v2\/posts\/504624\/revisions\/504649"}],"wp:featuredmedia":[{"embeddable":true,"href":"http:\/\/desarrollo.grupomedios.com\/futbol\/wp-json\/wp\/v2\/media\/504625"}],"wp:attachment":[{"href":"http:\/\/desarrollo.grupomedios.com\/futbol\/wp-json\/wp\/v2\/media?parent=504624"}],"wp:term":[{"taxonomy":"category","embeddable":true,"href":"http:\/\/desarrollo.grupomedios.com\/futbol\/wp-json\/wp\/v2\/categories?post=504624"},{"taxonomy":"post_tag","embeddable":true,"href":"http:\/\/desarrollo.grupomedios.com\/futbol\/wp-json\/wp\/v2\/tags?post=504624"}],"curies":[{"name":"wp","href":"https:\/\/api.w.org\/{rel}","templated":true}]}}