{"id":504727,"date":"2017-10-14T20:00:27","date_gmt":"2017-10-15T01:00:27","guid":{"rendered":"https:\/\/www.futboltotal.com.mx\/?p=504727"},"modified":"2017-10-14T20:08:24","modified_gmt":"2017-10-15T01:08:24","slug":"toluca-cruz-azul-par-muertos-david-faitelson","status":"publish","type":"post","link":"http:\/\/desarrollo.grupomedios.com\/futbol\/futbol-mexicano\/toluca-cruz-azul-par-muertos-david-faitelson\/2017\/10","title":{"rendered":"Toluca y Cruz Azul, &#8220;par de muertos&#8221;: David Faitelson"},"content":{"rendered":"<p>El comentarista deportivo <strong>David Faitelson<\/strong> arremeti\u00f3 en sus redes sociales contra <strong>Toluca y Cruz Azul<\/strong> al llamarlos &#8220;par de muertos de Halloween&#8221;.<\/p>\n<p>Faitelson se\u00f1al\u00f3 en el caso de <em>La M\u00e1quina<\/em> que &#8220;al Cruz Azul le tiemblan las piernas cuando ven a <strong>Miguel Herrera<\/strong> con el <strong>Am\u00e9rica<\/strong>&#8220;.<\/p>\n<p style=\"text-align: center;\"><a href=\"https:\/\/www.futboltotal.com.mx\/cruz-azul-1-america-3-apertura-2017-liga-mx-resumen\/2017\/10\/\">VER M\u00c1S:\u00a0<span class=\"item-title\">Am\u00e9rica gana el \u201cCl\u00e1sico Joven\u201d a Cruz Azul<\/span><\/a><\/p>\n<p>En su cuenta oficial de Twitter, David Faitelson ense\u00f1\u00f3 que los Diablos y la M\u00e1quina lo bloquearon de sus redes sociales, tras los comentarios realizados en su contra.<\/p>\n<p>En ambos partidos, las \u00c1guilas salieron airosas sobre sus visitas al estadio <strong>Nemesio Diez<\/strong> y al estadio <strong>Azul<\/strong>.<\/p>\n<p style=\"text-align: center;\"><span style=\"color: #333399;\"><a href=\"https:\/\/www.futboltotal.com.mx\/nadia-jemez-la-inspiracion-paco-jemez-cumple-18-anos\/2017\/10\/\">VER M\u00c1S:\u00a0<span class=\"item-title\">Nadia J\u00e9mez, la inspiraci\u00f3n de Paco J\u00e9mez cumple 18 a\u00f1os<\/span><\/a><\/span><\/p>\n<blockquote class=\"twitter-tweet\" data-lang=\"es\">\n<p dir=\"ltr\" lang=\"es\">Coleccionando \u201cmuertos\u201d para este Halloween <a href=\"https:\/\/twitter.com\/TolucaFC?ref_src=twsrc%5Etfw\">@TolucaFC<\/a> <a href=\"https:\/\/twitter.com\/Cruz_Azul_FC?ref_src=twsrc%5Etfw\">@Cruz_Azul_FC<\/a> <a href=\"https:\/\/twitter.com\/hashtag\/ClasicoJoven?src=hash&amp;ref_src=twsrc%5Etfw\">#ClasicoJoven<\/a> <a href=\"https:\/\/t.co\/igMIAGTU74\">pic.twitter.com\/igMIAGTU74<\/a><\/p>\n<p>\u2014 David Faitelson (@Faitels0n_ESPN) <a href=\"https:\/\/twitter.com\/Faitels0n_ESPN\/status\/919354548849844224?ref_src=twsrc%5Etfw\">15 de octubre de 2017<\/a><\/p><\/blockquote>\n<p><script async src=\"\/\/platform.twitter.com\/widgets.js\" charset=\"utf-8\"><\/script><\/p>\n","protected":false},"excerpt":{"rendered":"<p>El comentarista defini\u00f3 que &#8220;a Cruz Azul le tiemblan las piernas cuando enfrenta a Miguel Herrera con Am\u00e9rica&#8221;<\/p>\n","protected":false},"author":20,"featured_media":504728,"comment_status":"closed","ping_status":"closed","sticky":false,"template":"","format":"standard","meta":[],"categories":[2198,3845],"tags":[5962,6501,5975],"_links":{"self":[{"href":"http:\/\/desarrollo.grupomedios.com\/futbol\/wp-json\/wp\/v2\/posts\/504727"}],"collection":[{"href":"http:\/\/desarrollo.grupomedios.com\/futbol\/wp-json\/wp\/v2\/posts"}],"about":[{"href":"http:\/\/desarrollo.grupomedios.com\/futbol\/wp-json\/wp\/v2\/types\/post"}],"author":[{"embeddable":true,"href":"http:\/\/desarrollo.grupomedios.com\/futbol\/wp-json\/wp\/v2\/users\/20"}],"replies":[{"embeddable":true,"href":"http:\/\/desarrollo.grupomedios.com\/futbol\/wp-json\/wp\/v2\/comments?post=504727"}],"version-history":[{"count":2,"href":"http:\/\/desarrollo.grupomedios.com\/futbol\/wp-json\/wp\/v2\/posts\/504727\/revisions"}],"predecessor-version":[{"id":504730,"href":"http:\/\/desarrollo.grupomedios.com\/futbol\/wp-json\/wp\/v2\/posts\/504727\/revisions\/504730"}],"wp:featuredmedia":[{"embeddable":true,"href":"http:\/\/desarrollo.grupomedios.com\/futbol\/wp-json\/wp\/v2\/media\/504728"}],"wp:attachment":[{"href":"http:\/\/desarrollo.grupomedios.com\/futbol\/wp-json\/wp\/v2\/media?parent=504727"}],"wp:term":[{"taxonomy":"category","embeddable":true,"href":"http:\/\/desarrollo.grupomedios.com\/futbol\/wp-json\/wp\/v2\/categories?post=504727"},{"taxonomy":"post_tag","embeddable":true,"href":"http:\/\/desarrollo.grupomedios.com\/futbol\/wp-json\/wp\/v2\/tags?post=504727"}],"curies":[{"name":"wp","href":"https:\/\/api.w.org\/{rel}","templated":true}]}}