{"id":504766,"date":"2017-10-15T11:48:25","date_gmt":"2017-10-15T16:48:25","guid":{"rendered":"https:\/\/www.futboltotal.com.mx\/?p=504766"},"modified":"2017-10-15T11:56:31","modified_gmt":"2017-10-15T16:56:31","slug":"hertha-berlin-se-une-en-protestas-a-jugadores-la-nfl","status":"publish","type":"post","link":"http:\/\/desarrollo.grupomedios.com\/futbol\/futbol-internacional\/hertha-berlin-se-une-en-protestas-a-jugadores-la-nfl\/2017\/10","title":{"rendered":"Hertha Berl\u00edn se une en protestas a jugadores de la NFL"},"content":{"rendered":"<p>Las <strong>protestas en la NFL<\/strong> y otros deportes de <strong>Estados Unidos<\/strong> en contra de la violencia racial han traspasado fronteras, pues ahora llegaron hasta Europa con los jugadores del <strong>Hertha Berl\u00edn<\/strong> de la <strong>Bundesliga<\/strong>, donde los jugadores se arrodillaron en el campo para apoyar las manifestaciones luego de que <strong>Donald Trump<\/strong> pidi\u00f3 el despido de quienes ejercen su libertad de expresi\u00f3n durante el himno nacional de Estados Unidos.<\/p>\n<p>Previo al inicio del encuentro ante el <strong>Schalke 04<\/strong>, los futbolistas junto al cuerpo t\u00e9cnico encabezado por Pal Dardai, pusieron sus rodillas a tierra y se unieron de la mano antes del inicio del partido de la octava jornada de la Bundesliga.<\/p>\n<p style=\"text-align: center;\"><span style=\"color: #3366ff;\"><a href=\"https:\/\/www.futboltotal.com.mx\/ochoa-standard-lieja-vuelven-al-triunfo-ante-kortrijk\/2017\/10\/\">VER M\u00c1S: Ochoa y el Standard Lieja vuelven al triunfo ante el Kortrijk<\/a><\/span><\/p>\n<blockquote class=\"twitter-video\" data-lang=\"es\">\n<p dir=\"ltr\" lang=\"pl\">&#x1f440;<\/p>\n<p>(&#x1f3a5; via Instagram\/janiklin) <a href=\"https:\/\/t.co\/aIAOrgTLd9\">pic.twitter.com\/aIAOrgTLd9<\/a><\/p>\n<p>\u2014 B\/R Football (@brfootball) <a href=\"https:\/\/twitter.com\/brfootball\/status\/919213512177737729?ref_src=twsrc%5Etfw\">14 de octubre de 2017<\/a><\/p><\/blockquote>\n<p><script async src=\"\/\/platform.twitter.com\/widgets.js\" charset=\"utf-8\"><\/script><\/p>\n<p>&#8220;El Hertha est\u00e1 a favor de la diversidad, la tolerancia y la responsabilidad. \u00a1Por una Berl\u00edn que siga siendo tambi\u00e9n en el futuro una ciudad abierta al mundo!&#8221;, coment\u00f3 el club en su cuenta de Twitter.<\/p>\n<p>El <strong>Schalke<\/strong>, quinto clasificado, gan\u00f3 2-0 en la cancha del Hertha Berl\u00edn, decimosegundo, con un gol de su estrella, el internacional alem\u00e1n <strong>Leon Goretzka<\/strong> por la v\u00eda de la pena m\u00e1xima al minuto 54 de juego.<\/p>\n<blockquote class=\"twitter-tweet\" data-width=\"500\">\n<p lang=\"en\" dir=\"ltr\">Hertha BSC stands for tolerance and responsibility! For a tolerant Berlin and an open-minded world, now and forevermore! <a href=\"https:\/\/twitter.com\/hashtag\/TakeAKnee?src=hash&amp;ref_src=twsrc%5Etfw\">#TakeAKnee<\/a> <a href=\"https:\/\/twitter.com\/hashtag\/hahohe?src=hash&amp;ref_src=twsrc%5Etfw\">#hahohe<\/a> <a href=\"https:\/\/t.co\/spZvRSGVxQ\">pic.twitter.com\/spZvRSGVxQ<\/a><\/p>\n<p>&mdash; Hertha Berlin (@HerthaBSC_EN) <a href=\"https:\/\/twitter.com\/HerthaBSC_EN\/status\/919194863438098438?ref_src=twsrc%5Etfw\">October 14, 2017<\/a><\/p><\/blockquote>\n<p><script async src=\"\/\/platform.twitter.com\/widgets.js\" charset=\"utf-8\"><\/script><\/p>\n","protected":false},"excerpt":{"rendered":"<p>El club se solidariz\u00f3 con los problemas que se viven en Estados Unidos.<\/p>\n","protected":false},"author":20,"featured_media":504767,"comment_status":"closed","ping_status":"closed","sticky":false,"template":"","format":"standard","meta":[],"categories":[9808,3839],"tags":[6214,5044,4395,10596],"_links":{"self":[{"href":"http:\/\/desarrollo.grupomedios.com\/futbol\/wp-json\/wp\/v2\/posts\/504766"}],"collection":[{"href":"http:\/\/desarrollo.grupomedios.com\/futbol\/wp-json\/wp\/v2\/posts"}],"about":[{"href":"http:\/\/desarrollo.grupomedios.com\/futbol\/wp-json\/wp\/v2\/types\/post"}],"author":[{"embeddable":true,"href":"http:\/\/desarrollo.grupomedios.com\/futbol\/wp-json\/wp\/v2\/users\/20"}],"replies":[{"embeddable":true,"href":"http:\/\/desarrollo.grupomedios.com\/futbol\/wp-json\/wp\/v2\/comments?post=504766"}],"version-history":[{"count":1,"href":"http:\/\/desarrollo.grupomedios.com\/futbol\/wp-json\/wp\/v2\/posts\/504766\/revisions"}],"predecessor-version":[{"id":504768,"href":"http:\/\/desarrollo.grupomedios.com\/futbol\/wp-json\/wp\/v2\/posts\/504766\/revisions\/504768"}],"wp:featuredmedia":[{"embeddable":true,"href":"http:\/\/desarrollo.grupomedios.com\/futbol\/wp-json\/wp\/v2\/media\/504767"}],"wp:attachment":[{"href":"http:\/\/desarrollo.grupomedios.com\/futbol\/wp-json\/wp\/v2\/media?parent=504766"}],"wp:term":[{"taxonomy":"category","embeddable":true,"href":"http:\/\/desarrollo.grupomedios.com\/futbol\/wp-json\/wp\/v2\/categories?post=504766"},{"taxonomy":"post_tag","embeddable":true,"href":"http:\/\/desarrollo.grupomedios.com\/futbol\/wp-json\/wp\/v2\/tags?post=504766"}],"curies":[{"name":"wp","href":"https:\/\/api.w.org\/{rel}","templated":true}]}}