{"id":504783,"date":"2017-10-15T14:12:20","date_gmt":"2017-10-15T19:12:20","guid":{"rendered":"https:\/\/www.futboltotal.com.mx\/?p=504783"},"modified":"2017-10-15T14:33:32","modified_gmt":"2017-10-15T19:33:32","slug":"la-volpe-tunde-a-osorio-nunca-alguien-gatea-alcanzara-al-paso-caminando","status":"publish","type":"post","link":"http:\/\/desarrollo.grupomedios.com\/futbol\/destacado-home\/la-volpe-tunde-a-osorio-nunca-alguien-gatea-alcanzara-al-paso-caminando\/2017\/10","title":{"rendered":"La Volpe tunde a Osorio: &#8220;Nunca alguien que gatea alcanzar\u00e1 al que pas\u00f3 caminando&#8221;"},"content":{"rendered":"<p><strong>Ricardo La Volpe<\/strong> sigue en la pol\u00e9mica y tras la el cierre del <strong>Hexagonal Final de la Concacaf<\/strong> rumbo a<strong> Rusia 2018<\/strong>, asegur\u00f3 que su equipo que qued\u00f3 en segundo lugar en 2005 con 22 puntos, fue mejor que el de <strong>Juan Carlos Osorio<\/strong>, que termin\u00f3 con 21 unidades.<\/p>\n<p>\u201cDec\u00edan una cr\u00edtica hacia m\u00ed y pusieron que esta selecci\u00f3n clasificar\u00eda gateando. Dije que nunca alguien que gatea alcanzar\u00e1 al que pas\u00f3 caminando. Ah\u00ed se quedaron (con 21 puntos) y lo lamento por ellos. Otra de las cosas es que \u00e9stos nunca fueron cabeza de serie\u201d, dijo el estratega.<\/p>\n<p style=\"text-align: center;\"><span style=\"color: #3366ff;\"><a href=\"https:\/\/www.futboltotal.com.mx\/fallece-portero-choirul-huda-choque-en-indonesia\/2017\/10\/\">VER M\u00c1S: Fallece portero Choirul Huda por choque en Indonesia<\/a><\/span><\/p>\n<p><strong>La Volpe<\/strong> record\u00f3 que el equipo azteca fue campe\u00f3n en la <strong>Copa Oro 2003<\/strong> al derrotar en la final a Brasil y no recibi\u00f3 gol en los cinco partidos, adem\u00e1s, en la Copa Confederaciones terminaron en cuarto lugar y en la <strong>Copa Mundial<\/strong> avanzaron gracias a los resultados.<\/p>\n<p>\u201cNosotros fuimos cabeza de serie, por lo que hicimos en <strong>Confederaciones<\/strong>, Copa Oro y aquel equipo ganaba. Los jugadores s\u00ed tuvieron logros y jugaban\u201d, expres\u00f3.<\/p>\n<p>El entrenador argentino coment\u00f3 que muchos quieren hacer menos a aquella selecci\u00f3n \u201cporque yo estaba como t\u00e9cnico, por eso quieren bajar el logro y bajar el pulgar, pero lo lamento por los periodistas\u201d, dijo.<\/p>\n<p style=\"text-align: center;\"><span style=\"color: #3366ff;\"><a href=\"https:\/\/www.futboltotal.com.mx\/copa-mundial-2018\/fifa-acepto-fechas-peru-vs-nueva-zelanda\/\">VER M\u00c1S: FIFA acept\u00f3 fechas para el Per\u00fa vs Nueva Zelanda<\/a><\/span><\/p>\n<p>Ricardo La Volpe tambi\u00e9n aclar\u00f3 que la misi\u00f3n que tiene el combinado para el pr\u00f3ximo verano es avanzar a los cuartos de final, \u201cporque<strong> Costa Rica<\/strong> ya pas\u00f3 del quinto partido y ese mito debemos romperlo\u201d.<\/p>\n","protected":false},"excerpt":{"rendered":"<p>El &#8216;Bigot\u00f3n&#8217; asegur\u00f3 que su equipo fue mejor.<\/p>\n","protected":false},"author":20,"featured_media":503424,"comment_status":"closed","ping_status":"closed","sticky":false,"template":"","format":"standard","meta":[],"categories":[5,2198],"tags":[6196,767],"_links":{"self":[{"href":"http:\/\/desarrollo.grupomedios.com\/futbol\/wp-json\/wp\/v2\/posts\/504783"}],"collection":[{"href":"http:\/\/desarrollo.grupomedios.com\/futbol\/wp-json\/wp\/v2\/posts"}],"about":[{"href":"http:\/\/desarrollo.grupomedios.com\/futbol\/wp-json\/wp\/v2\/types\/post"}],"author":[{"embeddable":true,"href":"http:\/\/desarrollo.grupomedios.com\/futbol\/wp-json\/wp\/v2\/users\/20"}],"replies":[{"embeddable":true,"href":"http:\/\/desarrollo.grupomedios.com\/futbol\/wp-json\/wp\/v2\/comments?post=504783"}],"version-history":[{"count":1,"href":"http:\/\/desarrollo.grupomedios.com\/futbol\/wp-json\/wp\/v2\/posts\/504783\/revisions"}],"predecessor-version":[{"id":504784,"href":"http:\/\/desarrollo.grupomedios.com\/futbol\/wp-json\/wp\/v2\/posts\/504783\/revisions\/504784"}],"wp:featuredmedia":[{"embeddable":true,"href":"http:\/\/desarrollo.grupomedios.com\/futbol\/wp-json\/wp\/v2\/media\/503424"}],"wp:attachment":[{"href":"http:\/\/desarrollo.grupomedios.com\/futbol\/wp-json\/wp\/v2\/media?parent=504783"}],"wp:term":[{"taxonomy":"category","embeddable":true,"href":"http:\/\/desarrollo.grupomedios.com\/futbol\/wp-json\/wp\/v2\/categories?post=504783"},{"taxonomy":"post_tag","embeddable":true,"href":"http:\/\/desarrollo.grupomedios.com\/futbol\/wp-json\/wp\/v2\/tags?post=504783"}],"curies":[{"name":"wp","href":"https:\/\/api.w.org\/{rel}","templated":true}]}}