{"id":504803,"date":"2017-10-15T16:28:51","date_gmt":"2017-10-15T21:28:51","guid":{"rendered":"https:\/\/www.futboltotal.com.mx\/?p=504803"},"modified":"2017-10-15T16:35:30","modified_gmt":"2017-10-15T21:35:30","slug":"inter-milan-3-2-milan-serie-a-italia-resumen-icardi","status":"publish","type":"post","link":"http:\/\/desarrollo.grupomedios.com\/futbol\/futbol-internacional\/inter-milan-3-2-milan-serie-a-italia-resumen-icardi\/2017\/10","title":{"rendered":"Inter derrota a Milan en el Derbi con triplete de Icardi"},"content":{"rendered":"<p>Un triplete del argentino <strong>Mauro Icardi<\/strong>, con penalti decisivo marcado en el 90, decidi\u00f3 este domingo el derbi del <strong>Inter<\/strong> contra el <strong>Milan<\/strong> (3-2) y lanz\u00f3 a los <strong>nerazzurri<\/strong>\u00a0hacia la segunda posici\u00f3n en la<strong> Serie A de Italia<\/strong>, a dos puntos del l\u00edder<strong> N\u00e1poles<\/strong>.<\/p>\n<p>https:\/\/twitter.com\/Inter_es\/status\/919664656880472070<\/p>\n<p>Los tres goles de Icardi permitieron al Inter salir ganador de un<strong> derbi<\/strong> intenso y hundi\u00f3 a un Milan que nunca par\u00f3 de luchar y que hab\u00eda logrado el 1-1 por medio del espa\u00f1ol<strong> Jes\u00fas Fern\u00e1ndez S\u00e1ez &#8220;Suso&#8221;<\/strong> y el 2-2 gracias a un tanto en propia puerta del portero esloveno <strong>Samir Handanovic<\/strong>.<\/p>\n<p style=\"text-align: center;\"><span style=\"color: #3366ff;\"><a href=\"https:\/\/www.futboltotal.com.mx\/jugadores-chile-habrian-buscado-servicios-sexuales-en-plena-concentracion\/2017\/10\/\">VER M\u00c1S: Jugadores de Chile habr\u00edan buscado servicios sexuales en plena concentraci\u00f3n<\/a><\/span><\/p>\n<p>El resultado de <strong>San Siro<\/strong> complica significativamente la temporada del Milan, que sufri\u00f3 su tercera derrota consecutiva y que se qued\u00f3 en la d\u00e9cima posici\u00f3n liguera, pese a los m\u00e1s de 200 millones de euros invertidos en el mercado de fichajes veraniego.<\/p>\n<p>Fue el <strong>derbi milan\u00e9s<\/strong> n\u00famero 167 que se disput\u00f3 en la <strong>Serie A<\/strong>, que gener\u00f3 este a\u00f1o enorme expectaci\u00f3n en la ciudad lombarda por los ambiciosos proyectos de Inter y Milan y que se qued\u00f3 en la historia por establecer el r\u00e9cord absoluto de ingresos: 4.6 millones de euros.<\/p>\n<p><iframe loading=\"lazy\" src=\"https:\/\/www.youtube.com\/embed\/6vb6doVgb-s?feature=oembed\" frameborder=\"0\" allowfullscreen><\/iframe><\/p>\n","protected":false},"excerpt":{"rendered":"<p>El Inter de Milan ya es segundo en la Serie A.<\/p>\n","protected":false},"author":144,"featured_media":504804,"comment_status":"closed","ping_status":"closed","sticky":false,"template":"","format":"standard","meta":[],"categories":[3839,3848],"tags":[1073,4429,242,5958,10602],"_links":{"self":[{"href":"http:\/\/desarrollo.grupomedios.com\/futbol\/wp-json\/wp\/v2\/posts\/504803"}],"collection":[{"href":"http:\/\/desarrollo.grupomedios.com\/futbol\/wp-json\/wp\/v2\/posts"}],"about":[{"href":"http:\/\/desarrollo.grupomedios.com\/futbol\/wp-json\/wp\/v2\/types\/post"}],"author":[{"embeddable":true,"href":"http:\/\/desarrollo.grupomedios.com\/futbol\/wp-json\/wp\/v2\/users\/144"}],"replies":[{"embeddable":true,"href":"http:\/\/desarrollo.grupomedios.com\/futbol\/wp-json\/wp\/v2\/comments?post=504803"}],"version-history":[{"count":2,"href":"http:\/\/desarrollo.grupomedios.com\/futbol\/wp-json\/wp\/v2\/posts\/504803\/revisions"}],"predecessor-version":[{"id":504807,"href":"http:\/\/desarrollo.grupomedios.com\/futbol\/wp-json\/wp\/v2\/posts\/504803\/revisions\/504807"}],"wp:featuredmedia":[{"embeddable":true,"href":"http:\/\/desarrollo.grupomedios.com\/futbol\/wp-json\/wp\/v2\/media\/504804"}],"wp:attachment":[{"href":"http:\/\/desarrollo.grupomedios.com\/futbol\/wp-json\/wp\/v2\/media?parent=504803"}],"wp:term":[{"taxonomy":"category","embeddable":true,"href":"http:\/\/desarrollo.grupomedios.com\/futbol\/wp-json\/wp\/v2\/categories?post=504803"},{"taxonomy":"post_tag","embeddable":true,"href":"http:\/\/desarrollo.grupomedios.com\/futbol\/wp-json\/wp\/v2\/tags?post=504803"}],"curies":[{"name":"wp","href":"https:\/\/api.w.org\/{rel}","templated":true}]}}