{"id":504815,"date":"2017-10-15T17:50:36","date_gmt":"2017-10-15T22:50:36","guid":{"rendered":"https:\/\/www.futboltotal.com.mx\/?p=504815"},"modified":"2017-10-15T17:56:44","modified_gmt":"2017-10-15T22:56:44","slug":"carinito-cristiano-ronaldo-a-lucas-vazquez-delante-la-prensa","status":"publish","type":"post","link":"http:\/\/desarrollo.grupomedios.com\/futbol\/videos\/carinito-cristiano-ronaldo-a-lucas-vazquez-delante-la-prensa\/2017\/10","title":{"rendered":"El &#8216;cari\u00f1ito&#8217; de Cristiano Ronaldo a Lucas V\u00e1zquez delante de la prensa"},"content":{"rendered":"<p>Luego del triunfo del<span style=\"color: #3366ff;\"><a href=\"https:\/\/www.futboltotal.com.mx\/getafe-1-2-real-madrid-laliga-santander-resumen\/2017\/10\/\" target=\"_blank\" rel=\"noopener\"> Real Madrid ante el Getafe<\/a><\/span> y con un gol de <strong>Cristiano Ronaldo<\/strong>, el portugu\u00e9s demostr\u00f3 que se encuentra de muy buen humor luego de una gran semana.<\/p>\n<p>Adem\u00e1s de que se clasific\u00f3 a la<strong> Copa del Mundo de Rusia 2018<\/strong> con <strong>Portugal<\/strong>, el<strong> Comandante<\/strong> tambi\u00e9n anot\u00f3 su primer gol en <strong>LaLiga<\/strong> y le dio el triunfo al equipo <strong>Merengue<\/strong>.<\/p>\n<p style=\"text-align: center;\"><span style=\"color: #3366ff;\"><a href=\"https:\/\/www.futboltotal.com.mx\/jugador-chileno-llamo-traidor-a-claudio-bravo\/2017\/10\/\">VER M\u00c1S: Jugador chileno llam\u00f3 \u201ctraidor\u201d a Claudio Bravo<\/a><\/span><\/p>\n<blockquote class=\"twitter-tweet\" data-width=\"500\">\n<p lang=\"es\" dir=\"ltr\">85&#39; \u00a1GOOOOOOOOOOOOOOOOOOOOOOOOOOOOOOOOL de <a href=\"https:\/\/twitter.com\/Cristiano?ref_src=twsrc%5Etfw\">@Cristiano<\/a>! \u00a1SIIIIIIIIIIII!<a href=\"https:\/\/twitter.com\/GetafeCF?ref_src=twsrc%5Etfw\">@GetafeCF<\/a> 1-2 <a href=\"https:\/\/twitter.com\/hashtag\/RealMadrid?src=hash&amp;ref_src=twsrc%5Etfw\">#RealMadrid<\/a><a href=\"https:\/\/twitter.com\/hashtag\/RMLiga?src=hash&amp;ref_src=twsrc%5Etfw\">#RMLiga<\/a> <a href=\"https:\/\/t.co\/zcDLktATNr\">pic.twitter.com\/zcDLktATNr<\/a><\/p>\n<p>&mdash; Real Madrid C.F. (@realmadrid) <a href=\"https:\/\/twitter.com\/realmadrid\/status\/919230755754168326?ref_src=twsrc%5Etfw\">October 14, 2017<\/a><\/p><\/blockquote>\n<p><script async src=\"\/\/platform.twitter.com\/widgets.js\" charset=\"utf-8\"><\/script><\/p>\n<p>Al finalizar el partido y cuando los jugadores del Real Madrid se encontraban en la zona mixta, Cristiano sali\u00f3 del vestidor y se encontr\u00f3 a<strong> Lucas V\u00e1zquez<\/strong> atendiendo a la prensa. El portugu\u00e9s mir\u00f3 al espa\u00f1ol y le dio un agarr\u00f3n de nalga, destando la risa de ambos futbolistas y de los medios que estaban presentes.<\/p>\n<p><iframe loading=\"lazy\" src=\"https:\/\/www.youtube.com\/embed\/JI-I5yhnHnk?feature=oembed\" frameborder=\"0\" allowfullscreen><\/iframe><\/p>\n","protected":false},"excerpt":{"rendered":"<p>El portugu\u00e9s mostr\u00f3 su buen humor tras el triunfo Merengue.<\/p>\n","protected":false},"author":20,"featured_media":504816,"comment_status":"closed","ping_status":"closed","sticky":false,"template":"","format":"standard","meta":[],"categories":[3839,3844,4],"tags":[6013,7880,5988],"_links":{"self":[{"href":"http:\/\/desarrollo.grupomedios.com\/futbol\/wp-json\/wp\/v2\/posts\/504815"}],"collection":[{"href":"http:\/\/desarrollo.grupomedios.com\/futbol\/wp-json\/wp\/v2\/posts"}],"about":[{"href":"http:\/\/desarrollo.grupomedios.com\/futbol\/wp-json\/wp\/v2\/types\/post"}],"author":[{"embeddable":true,"href":"http:\/\/desarrollo.grupomedios.com\/futbol\/wp-json\/wp\/v2\/users\/20"}],"replies":[{"embeddable":true,"href":"http:\/\/desarrollo.grupomedios.com\/futbol\/wp-json\/wp\/v2\/comments?post=504815"}],"version-history":[{"count":1,"href":"http:\/\/desarrollo.grupomedios.com\/futbol\/wp-json\/wp\/v2\/posts\/504815\/revisions"}],"predecessor-version":[{"id":504817,"href":"http:\/\/desarrollo.grupomedios.com\/futbol\/wp-json\/wp\/v2\/posts\/504815\/revisions\/504817"}],"wp:featuredmedia":[{"embeddable":true,"href":"http:\/\/desarrollo.grupomedios.com\/futbol\/wp-json\/wp\/v2\/media\/504816"}],"wp:attachment":[{"href":"http:\/\/desarrollo.grupomedios.com\/futbol\/wp-json\/wp\/v2\/media?parent=504815"}],"wp:term":[{"taxonomy":"category","embeddable":true,"href":"http:\/\/desarrollo.grupomedios.com\/futbol\/wp-json\/wp\/v2\/categories?post=504815"},{"taxonomy":"post_tag","embeddable":true,"href":"http:\/\/desarrollo.grupomedios.com\/futbol\/wp-json\/wp\/v2\/tags?post=504815"}],"curies":[{"name":"wp","href":"https:\/\/api.w.org\/{rel}","templated":true}]}}