{"id":504852,"date":"2017-10-16T09:59:25","date_gmt":"2017-10-16T14:59:25","guid":{"rendered":"https:\/\/www.futboltotal.com.mx\/?p=504852"},"modified":"2017-10-16T10:01:03","modified_gmt":"2017-10-16T15:01:03","slug":"mexico-pierde-puestos-en-ranking-fifa-listas-cabezas-serie","status":"publish","type":"post","link":"http:\/\/desarrollo.grupomedios.com\/futbol\/destacado-home\/mexico-pierde-puestos-en-ranking-fifa-listas-cabezas-serie\/2017\/10","title":{"rendered":"M\u00e9xico pierde puestos en ranking FIFA; listas cabezas de serie"},"content":{"rendered":"<p>El <strong>ranking FIFA<\/strong> no perdon\u00f3 a la <strong>M\u00e9xico<\/strong>, que pese a ya tener asegurado el boleto al <strong>Mundial Rusia 2018<\/strong> pag\u00f3 cara su derrota en <strong>Honduras<\/strong> para el final del <strong>Hexagonal Final<\/strong> de <strong>Concacaf<\/strong> y en la lista que el m\u00e1ximo organismo rector del futbol present\u00f3 para octubre el <strong>Tri<\/strong> cay\u00f3 dos puestos.<\/p>\n<p>La\u00a0<strong>Selecci\u00f3n Mexicana<\/strong> apareci\u00f3 ocupando el lugar 16, luego de que en meses pasados consiguiera mantenerse en el puesto 14. El traspi\u00e9 contra los <strong>Catrachos<\/strong> le pas\u00f3 factura al equipo del colombiano <strong>Juan Carlos Osorio<\/strong>, que de 1085 puntos esta vez qued\u00f3 en 1060.<\/p>\n<p style=\"text-align: center;\"><a href=\"https:\/\/www.futboltotal.com.mx\/11-ideal-la-jornada-13-del-apertura-2017\/2017\/10\/\" target=\"_blank\" rel=\"noopener\"><span style=\"color: #333399;\">VER M\u00c1S: El 11 ideal de la Jornada 13 del Apertura 2017<\/span><\/a><\/p>\n<p>El primer puesto sigue en manos de la selecci\u00f3n de <strong>Alemania<\/strong>, con 1631 unidades, seguida por <strong>Brasil<\/strong>, <strong>Portugal<\/strong>, <strong>Argentina<\/strong> y <strong>B\u00e9lgica<\/strong>. El Top 10 es completado por <strong>Polonia<\/strong>, <strong>Francia<\/strong>, <strong>Espa\u00f1a<\/strong>, <strong>Chile<\/strong> y <strong>Per\u00fa<\/strong>, este \u00faltimo seleccionado que se jugar\u00e1 el boleto al Mundial en el <strong>repechaje<\/strong> contra el representante de <strong>Ocean\u00eda<\/strong>, <strong>Nueva<\/strong> <strong>Zelanda<\/strong>.<\/p>\n<p><a href=\"https:\/\/www.futboltotal.com.mx\/wp-content\/uploads\/2017\/10\/Ranking-FIFA-octubre.jpg\"><img decoding=\"async\" loading=\"lazy\" class=\"aligncenter size-large wp-image-504854\" src=\"https:\/\/www.futboltotal.com.mx\/wp-content\/uploads\/2017\/10\/Ranking-FIFA-octubre-1024x576.jpg\" alt=\"M\u00e9xico pierde puestos en ranking FIFA; listas cabezas de serie 0\" srcset=\"http:\/\/desarrollo.grupomedios.com\/futbol\/wp-content\/uploads\/2017\/10\/Ranking-FIFA-octubre-1024x576.jpg 1024w, http:\/\/desarrollo.grupomedios.com\/futbol\/wp-content\/uploads\/2017\/10\/Ranking-FIFA-octubre-300x169.jpg 300w, http:\/\/desarrollo.grupomedios.com\/futbol\/wp-content\/uploads\/2017\/10\/Ranking-FIFA-octubre-768x432.jpg 768w, http:\/\/desarrollo.grupomedios.com\/futbol\/wp-content\/uploads\/2017\/10\/Ranking-FIFA-octubre-393x221.jpg 393w, http:\/\/desarrollo.grupomedios.com\/futbol\/wp-content\/uploads\/2017\/10\/Ranking-FIFA-octubre.jpg 1136w\" sizes=\"(max-width: 1024px) 100vw, 1024px\" \/><\/a><\/p>\n<p>Este ranking determina qu\u00e9 selecciones ser\u00e1n cabezas de serie para el sorteo de los grupos del Mundial 2018, siendo estas la anfitriona <strong>Rusia<\/strong> seguida por <strong>Alemania<\/strong>, <strong>Brasil<\/strong>, <strong>Portugal<\/strong>, <strong>Argentina<\/strong>, <strong>B\u00e9lgica<\/strong>, <strong>Polonia<\/strong> y <strong>Francia<\/strong>.<\/p>\n<p>En los siguientes 15 lugares aparecen los combinados de <strong>Suiza<\/strong>, <strong>Inglaterra<\/strong>, <strong>Colombia<\/strong>, <strong>Gales<\/strong> e <strong>Italia<\/strong>, despu\u00e9s apareciendo M\u00e9xico, aunque llama la atenci\u00f3n que por encima del Tri est\u00e9n dos equipos que no estar\u00e1n en Rusia 2018: Chile y Gales.<\/p>\n","protected":false},"excerpt":{"rendered":"<p>La derrota del Tri ante Honduras tuvo m\u00e1s repercusiones para el equipo mexicano.<\/p>\n","protected":false},"author":20,"featured_media":504853,"comment_status":"closed","ping_status":"closed","sticky":false,"template":"","format":"standard","meta":[],"categories":[5,3839,2198,3847],"tags":[6000,5996,599,6009,10608,406,253,413,65,5829,722,1296,715,5726,409],"_links":{"self":[{"href":"http:\/\/desarrollo.grupomedios.com\/futbol\/wp-json\/wp\/v2\/posts\/504852"}],"collection":[{"href":"http:\/\/desarrollo.grupomedios.com\/futbol\/wp-json\/wp\/v2\/posts"}],"about":[{"href":"http:\/\/desarrollo.grupomedios.com\/futbol\/wp-json\/wp\/v2\/types\/post"}],"author":[{"embeddable":true,"href":"http:\/\/desarrollo.grupomedios.com\/futbol\/wp-json\/wp\/v2\/users\/20"}],"replies":[{"embeddable":true,"href":"http:\/\/desarrollo.grupomedios.com\/futbol\/wp-json\/wp\/v2\/comments?post=504852"}],"version-history":[{"count":3,"href":"http:\/\/desarrollo.grupomedios.com\/futbol\/wp-json\/wp\/v2\/posts\/504852\/revisions"}],"predecessor-version":[{"id":504857,"href":"http:\/\/desarrollo.grupomedios.com\/futbol\/wp-json\/wp\/v2\/posts\/504852\/revisions\/504857"}],"wp:featuredmedia":[{"embeddable":true,"href":"http:\/\/desarrollo.grupomedios.com\/futbol\/wp-json\/wp\/v2\/media\/504853"}],"wp:attachment":[{"href":"http:\/\/desarrollo.grupomedios.com\/futbol\/wp-json\/wp\/v2\/media?parent=504852"}],"wp:term":[{"taxonomy":"category","embeddable":true,"href":"http:\/\/desarrollo.grupomedios.com\/futbol\/wp-json\/wp\/v2\/categories?post=504852"},{"taxonomy":"post_tag","embeddable":true,"href":"http:\/\/desarrollo.grupomedios.com\/futbol\/wp-json\/wp\/v2\/tags?post=504852"}],"curies":[{"name":"wp","href":"https:\/\/api.w.org\/{rel}","templated":true}]}}