{"id":504868,"date":"2017-10-16T10:50:16","date_gmt":"2017-10-16T15:50:16","guid":{"rendered":"https:\/\/www.futboltotal.com.mx\/?p=504868"},"modified":"2017-10-16T10:50:16","modified_gmt":"2017-10-16T15:50:16","slug":"jesus-corona-filtra-nuevo-uniforme-mexico-accidente","status":"publish","type":"post","link":"http:\/\/desarrollo.grupomedios.com\/futbol\/futbol-mexicano\/jesus-corona-filtra-nuevo-uniforme-mexico-accidente\/2017\/10","title":{"rendered":"Jes\u00fas Corona filtra el nuevo uniforme de M\u00e9xico por accidente"},"content":{"rendered":"<p>El portero de <strong>Cruz Azul<\/strong> y de la <strong>Selecci\u00f3n Mexicana<\/strong>, <strong>Jes\u00fas Corona<\/strong>, cometi\u00f3 por accidente un error en redes sociales al mostrar el nuevo uniforme del <strong>Tri<\/strong> durante una sesi\u00f3n para un servicio de televisi\u00f3n de paga, momento que comparti\u00f3 sin ser consciente de que el jersey a\u00fan no es dado a conocer de forma oficial.<\/p>\n<p>La nueva playera de <strong>M\u00e9xico<\/strong>, creada por la marca <strong>adidas<\/strong>, ya ha sido filtrado en ocasiones anteriores aunque la fecha de <a href=\"https:\/\/www.futboltotal.com.mx\/confirmado-mexico-presentara-jersey-mundialista-en-noviembre\/2017\/10\/\" target=\"_blank\" rel=\"noopener\"><span style=\"color: #333399;\">su presentaci\u00f3n oficial es el pr\u00f3ximo 6 de noviembre<\/span><\/a>, para que el equipo mexicano la use durante su gira europea con duelos ante <strong>B\u00e9lgica<\/strong> y <strong>Polonia<\/strong>.<\/p>\n<p style=\"text-align: center;\"><a href=\"https:\/\/www.futboltotal.com.mx\/mexico-pierde-puestos-en-ranking-fifa-listas-cabezas-serie\/2017\/10\/\" target=\"_blank\" rel=\"noopener\"><span style=\"color: #333399;\">VER M\u00c1S: M\u00e9xico pierde puestos en ranking FIFA; listas cabezas de serie<\/span><\/a><\/p>\n<p>Este jersey, que ser\u00e1 la vestimenta del equipo mexicano para el <strong>Mundial Rusia 2018<\/strong>, fue compartido por <strong>Chuy Corona<\/strong> en su cuenta de Instagram, con el texto: &#8220;Domingo productivo con comercial de @miseleccionmx con Sky #ahoraadescansar&#8221;.<\/p>\n<p>Poco despu\u00e9s, el portero se dio cuenta de su error y borr\u00f3 la publicaci\u00f3n, pero para ese momento ya era demasiado tarde pues los usuarios se hab\u00edan encargado de hacer viral la imagen.<\/p>\n<p><img decoding=\"async\" loading=\"lazy\" class=\"aligncenter size-large wp-image-504870\" src=\"https:\/\/www.futboltotal.com.mx\/wp-content\/uploads\/2017\/10\/Jesus-Corona-Uniforme-Mexico-1024x576.jpg\" alt=\"Jes\u00fas Corona filtra el nuevo uniforme de M\u00e9xico por accidente 0\" srcset=\"http:\/\/desarrollo.grupomedios.com\/futbol\/wp-content\/uploads\/2017\/10\/Jesus-Corona-Uniforme-Mexico-1024x576.jpg 1024w, http:\/\/desarrollo.grupomedios.com\/futbol\/wp-content\/uploads\/2017\/10\/Jesus-Corona-Uniforme-Mexico-300x169.jpg 300w, http:\/\/desarrollo.grupomedios.com\/futbol\/wp-content\/uploads\/2017\/10\/Jesus-Corona-Uniforme-Mexico-768x432.jpg 768w, http:\/\/desarrollo.grupomedios.com\/futbol\/wp-content\/uploads\/2017\/10\/Jesus-Corona-Uniforme-Mexico-393x221.jpg 393w, http:\/\/desarrollo.grupomedios.com\/futbol\/wp-content\/uploads\/2017\/10\/Jesus-Corona-Uniforme-Mexico.jpg 1136w\" sizes=\"(max-width: 1024px) 100vw, 1024px\" \/><\/p>\n","protected":false},"excerpt":{"rendered":"<p>El portero del Tri tuvo que borrar su publicaci\u00f3n al darse cuenta de su &#8216;fail&#8217;.<\/p>\n","protected":false},"author":154,"featured_media":504871,"comment_status":"closed","ping_status":"closed","sticky":false,"template":"","format":"standard","meta":[],"categories":[2198,3847],"tags":[1624,5443,65,5829,9218,2599,409],"_links":{"self":[{"href":"http:\/\/desarrollo.grupomedios.com\/futbol\/wp-json\/wp\/v2\/posts\/504868"}],"collection":[{"href":"http:\/\/desarrollo.grupomedios.com\/futbol\/wp-json\/wp\/v2\/posts"}],"about":[{"href":"http:\/\/desarrollo.grupomedios.com\/futbol\/wp-json\/wp\/v2\/types\/post"}],"author":[{"embeddable":true,"href":"http:\/\/desarrollo.grupomedios.com\/futbol\/wp-json\/wp\/v2\/users\/154"}],"replies":[{"embeddable":true,"href":"http:\/\/desarrollo.grupomedios.com\/futbol\/wp-json\/wp\/v2\/comments?post=504868"}],"version-history":[{"count":1,"href":"http:\/\/desarrollo.grupomedios.com\/futbol\/wp-json\/wp\/v2\/posts\/504868\/revisions"}],"predecessor-version":[{"id":504872,"href":"http:\/\/desarrollo.grupomedios.com\/futbol\/wp-json\/wp\/v2\/posts\/504868\/revisions\/504872"}],"wp:featuredmedia":[{"embeddable":true,"href":"http:\/\/desarrollo.grupomedios.com\/futbol\/wp-json\/wp\/v2\/media\/504871"}],"wp:attachment":[{"href":"http:\/\/desarrollo.grupomedios.com\/futbol\/wp-json\/wp\/v2\/media?parent=504868"}],"wp:term":[{"taxonomy":"category","embeddable":true,"href":"http:\/\/desarrollo.grupomedios.com\/futbol\/wp-json\/wp\/v2\/categories?post=504868"},{"taxonomy":"post_tag","embeddable":true,"href":"http:\/\/desarrollo.grupomedios.com\/futbol\/wp-json\/wp\/v2\/tags?post=504868"}],"curies":[{"name":"wp","href":"https:\/\/api.w.org\/{rel}","templated":true}]}}