{"id":504873,"date":"2017-10-16T11:12:16","date_gmt":"2017-10-16T16:12:16","guid":{"rendered":"https:\/\/www.futboltotal.com.mx\/?p=504873"},"modified":"2017-10-16T11:15:29","modified_gmt":"2017-10-16T16:15:29","slug":"lobos-buap-recibe-la-visita-la-mascota-del-wolfsburg","status":"publish","type":"post","link":"http:\/\/desarrollo.grupomedios.com\/futbol\/futbol-mexicano\/lobos-buap-recibe-la-visita-la-mascota-del-wolfsburg\/2017\/10","title":{"rendered":"Lobos BUAP recibe la visita de la mascota del Wolfsburg"},"content":{"rendered":"<p>El v\u00ednculo que se ha formado entre los clubes lic\u00e1ntropos <strong>Lobos BUAP<\/strong> de la Liga MX y <strong>Wolfsburg<\/strong> de la Bundesliga alemana sigue fortaleci\u00e9ndose con el paso del tiempo, esta vez con la visita de la mascota del club alem\u00e1n al plantel poblano.<\/p>\n<p>En redes sociales el reci\u00e9n ascendido de la Liga MX public\u00f3 un video en el que destacan la visita de\u00a0<strong>Felix Welling<\/strong>, directivo del equipo teut\u00f3n, junto con <strong>W\u00f6lfi,<\/strong> la mascota del mismo club.<\/p>\n<p style=\"text-align: center;\"><a href=\"https:\/\/www.futboltotal.com.mx\/11-ideal-la-jornada-13-del-apertura-2017\/2017\/10\/\" target=\"_blank\" rel=\"noopener\"><span style=\"color: #333399;\">VER M\u00c1S: El 11 ideal de la Jornada 13 del Apertura 2017<\/span><\/a><\/p>\n<p>&#8220;Nos visita nuestro Lobo-Hermano desde Alemania. Bienvenido Felix Welling de @VfLWolfsburg_ES. #WelcomeWolfbr\u00fcder #UnLoboNuncaA\u00fallaSolo&#8221; escribi\u00f3 el equipo mexicano junto al video.<\/p>\n<p>&nbsp;<\/p>\n<blockquote class=\"twitter-video\" data-lang=\"es\">\n<p dir=\"ltr\" lang=\"es\">Nos visita nuestro Lobo-Hermano desde Alemania. &#x1f1f2;&#x1f1fd;&#x1f43a;&#x1f1e9;&#x1f1ea;<br \/>\nBienvenido Felix Welling de <a href=\"https:\/\/twitter.com\/VfLWolfsburg_ES?ref_src=twsrc%5Etfw\">@VfLWolfsburg_ES<\/a>.<a href=\"https:\/\/twitter.com\/hashtag\/WelcomeWolfbr%C3%BCder?src=hash&amp;ref_src=twsrc%5Etfw\">#WelcomeWolfbr\u00fcder<\/a> <a href=\"https:\/\/twitter.com\/hashtag\/UnLoboNuncaA%C3%BAllaSolo?src=hash&amp;ref_src=twsrc%5Etfw\">#UnLoboNuncaA\u00fallaSolo<\/a> <a href=\"https:\/\/t.co\/6KwWQg4sa3\">pic.twitter.com\/6KwWQg4sa3<\/a><\/p>\n<p>\u2014 Lobos Buap Oficial (@LobosBuapMX) <a href=\"https:\/\/twitter.com\/LobosBuapMX\/status\/919948305483862016?ref_src=twsrc%5Etfw\">16 de octubre de 2017<\/a><\/p><\/blockquote>\n<p><script async src=\"\/\/platform.twitter.com\/widgets.js\" charset=\"utf-8\"><\/script><\/p>\n","protected":false},"excerpt":{"rendered":"<p>W\u00f6lfi sorprendi\u00f3 al plantel de Lobos BUAP en pleno entrenamiento.<\/p>\n","protected":false},"author":20,"featured_media":504874,"comment_status":"closed","ping_status":"closed","sticky":false,"template":"","format":"standard","meta":[],"categories":[2198,3845],"tags":[6000,119,64,431,10611,8121],"_links":{"self":[{"href":"http:\/\/desarrollo.grupomedios.com\/futbol\/wp-json\/wp\/v2\/posts\/504873"}],"collection":[{"href":"http:\/\/desarrollo.grupomedios.com\/futbol\/wp-json\/wp\/v2\/posts"}],"about":[{"href":"http:\/\/desarrollo.grupomedios.com\/futbol\/wp-json\/wp\/v2\/types\/post"}],"author":[{"embeddable":true,"href":"http:\/\/desarrollo.grupomedios.com\/futbol\/wp-json\/wp\/v2\/users\/20"}],"replies":[{"embeddable":true,"href":"http:\/\/desarrollo.grupomedios.com\/futbol\/wp-json\/wp\/v2\/comments?post=504873"}],"version-history":[{"count":2,"href":"http:\/\/desarrollo.grupomedios.com\/futbol\/wp-json\/wp\/v2\/posts\/504873\/revisions"}],"predecessor-version":[{"id":504876,"href":"http:\/\/desarrollo.grupomedios.com\/futbol\/wp-json\/wp\/v2\/posts\/504873\/revisions\/504876"}],"wp:featuredmedia":[{"embeddable":true,"href":"http:\/\/desarrollo.grupomedios.com\/futbol\/wp-json\/wp\/v2\/media\/504874"}],"wp:attachment":[{"href":"http:\/\/desarrollo.grupomedios.com\/futbol\/wp-json\/wp\/v2\/media?parent=504873"}],"wp:term":[{"taxonomy":"category","embeddable":true,"href":"http:\/\/desarrollo.grupomedios.com\/futbol\/wp-json\/wp\/v2\/categories?post=504873"},{"taxonomy":"post_tag","embeddable":true,"href":"http:\/\/desarrollo.grupomedios.com\/futbol\/wp-json\/wp\/v2\/tags?post=504873"}],"curies":[{"name":"wp","href":"https:\/\/api.w.org\/{rel}","templated":true}]}}