{"id":504882,"date":"2017-10-16T11:44:23","date_gmt":"2017-10-16T16:44:23","guid":{"rendered":"https:\/\/www.futboltotal.com.mx\/?p=504882"},"modified":"2017-10-16T11:45:31","modified_gmt":"2017-10-16T16:45:31","slug":"james-rodriguez-podria-terminar-en-la-mls-tras-mundial","status":"publish","type":"post","link":"http:\/\/desarrollo.grupomedios.com\/futbol\/futbol-internacional\/james-rodriguez-podria-terminar-en-la-mls-tras-mundial\/2017\/10","title":{"rendered":"James Rodr\u00edguez podr\u00eda terminar en la MLS tras el Mundial"},"content":{"rendered":"<p>A pesar de que sali\u00f3 al <strong>Bayern Munich<\/strong> para recuperar su mejor nivel, <strong>James Rodr\u00edguez<\/strong> aun no est\u00e1 al 100 y parece que su futuro no ser\u00e1 con el conjunto b\u00e1varo cuando termine su pr\u00e9stamo al final de la temporada.<\/p>\n<p>Seg\u00fan informaci\u00f3n del diario <em>Don Bal\u00f3n<\/em>, James regresar\u00eda al <strong>Real Madrid<\/strong> tras finalizar el <strong>Mundial de Rusia 2018<\/strong> pero no entrar\u00eda en planes de <strong>Zinedine Zidane<\/strong>, por lo que una opci\u00f3n viable ser\u00eda la<strong> MLS<\/strong>.<\/p>\n<p style=\"text-align: center;\"><span style=\"color: #3366ff;\"><a href=\"https:\/\/www.futboltotal.com.mx\/gaston-silva-pumas-me-daba-vueltas-para-sacarme-plata\/2017\/10\/\">VER M\u00c1S: Gast\u00f3n Silva: \u201cPumas me daba vueltas para sacarme plata\u201d<\/a><\/span><\/p>\n<p>El destino del colombiano en el futbol de <strong>Estados Unidos<\/strong> toma fuerza luego de la <span style=\"color: #3366ff;\"><a href=\"https:\/\/www.futboltotal.com.mx\/kaka-seguira-en-orlando-city-dejara-la-mls\/2017\/10\/\">salida de Kak\u00e1 del Orlando City<\/a><\/span> y de <strong>David Villa<\/strong> del <strong>New York City<\/strong>, pues ambos equipos estar\u00edan buscando su nuevo jugador franquicia para la temporada 2018.<\/p>\n<p>Adem\u00e1s, la situaci\u00f3n en el Bayern para <strong>James<\/strong> cambi\u00f3 luego de la salida de <strong>Carlo Ancelotti,<\/strong> pues el t\u00e9cnico italiano hab\u00eda sido quien pidi\u00f3 al jugador para esta temporada.<\/p>\n","protected":false},"excerpt":{"rendered":"<p>El colombiano podr\u00eda ser el nuevo &#8216;Jugador Franquicia&#8217; de la MLS.<\/p>\n","protected":false},"author":20,"featured_media":490346,"comment_status":"closed","ping_status":"closed","sticky":false,"template":"","format":"standard","meta":[],"categories":[9808,3839,9635],"tags":[6082,195,5585,5766],"_links":{"self":[{"href":"http:\/\/desarrollo.grupomedios.com\/futbol\/wp-json\/wp\/v2\/posts\/504882"}],"collection":[{"href":"http:\/\/desarrollo.grupomedios.com\/futbol\/wp-json\/wp\/v2\/posts"}],"about":[{"href":"http:\/\/desarrollo.grupomedios.com\/futbol\/wp-json\/wp\/v2\/types\/post"}],"author":[{"embeddable":true,"href":"http:\/\/desarrollo.grupomedios.com\/futbol\/wp-json\/wp\/v2\/users\/20"}],"replies":[{"embeddable":true,"href":"http:\/\/desarrollo.grupomedios.com\/futbol\/wp-json\/wp\/v2\/comments?post=504882"}],"version-history":[{"count":1,"href":"http:\/\/desarrollo.grupomedios.com\/futbol\/wp-json\/wp\/v2\/posts\/504882\/revisions"}],"predecessor-version":[{"id":504886,"href":"http:\/\/desarrollo.grupomedios.com\/futbol\/wp-json\/wp\/v2\/posts\/504882\/revisions\/504886"}],"wp:featuredmedia":[{"embeddable":true,"href":"http:\/\/desarrollo.grupomedios.com\/futbol\/wp-json\/wp\/v2\/media\/490346"}],"wp:attachment":[{"href":"http:\/\/desarrollo.grupomedios.com\/futbol\/wp-json\/wp\/v2\/media?parent=504882"}],"wp:term":[{"taxonomy":"category","embeddable":true,"href":"http:\/\/desarrollo.grupomedios.com\/futbol\/wp-json\/wp\/v2\/categories?post=504882"},{"taxonomy":"post_tag","embeddable":true,"href":"http:\/\/desarrollo.grupomedios.com\/futbol\/wp-json\/wp\/v2\/tags?post=504882"}],"curies":[{"name":"wp","href":"https:\/\/api.w.org\/{rel}","templated":true}]}}