{"id":504902,"date":"2017-10-16T14:02:43","date_gmt":"2017-10-16T19:02:43","guid":{"rendered":"https:\/\/www.futboltotal.com.mx\/?p=504902"},"modified":"2017-10-16T14:03:17","modified_gmt":"2017-10-16T19:03:17","slug":"oswaldo-alanis-chivas-no-es-victima-de-america-para-clasico","status":"publish","type":"post","link":"http:\/\/desarrollo.grupomedios.com\/futbol\/futbol-mexicano\/oswaldo-alanis-chivas-no-es-victima-de-america-para-clasico\/2017\/10","title":{"rendered":"Oswaldo Alan\u00eds: &#8220;Chivas no es v\u00edctima de Am\u00e9rica para el Cl\u00e1sico&#8221;"},"content":{"rendered":"<p>Momentos muy distintos son los que actualmente viven <strong>Am\u00e9rica<\/strong> y <strong>Chivas<\/strong>, equipos que en la pendiente jornada 10 del <strong>Apertura 2017<\/strong> disputar\u00e1n esta mitad de semana el <strong>Cl\u00e1sico<\/strong> del <strong>futbol mexicano<\/strong>, pero al interior del Reba\u00f1o descartan verse como v\u00edctimas.<\/p>\n<p>&#8220;No, al final no hay v\u00edctimas en el futbol, no lo veo as\u00ed. Es m\u00e1s bien el que llegue en mejor ritmo, con mejor preparaci\u00f3n va a a sacar resultados, no lo veo como v\u00edctima, nunca nos hemos sentido y tampoco lo contrario de v\u00edctima, el torneo pasado no lo vimos as\u00ed, incluso en la final no nos vimos como v\u00edctimas, estamos m\u00e1s bien enfocados en lo que podamos hacer, en que venimos de menos a m\u00e1s y vamos a buscar y que sea mucho mejor el funcionamiento&#8221;, dijo <strong>Oswaldo Alan\u00eds<\/strong> en conferencia de prensa.<\/p>\n<p style=\"text-align: center;\"><a href=\"https:\/\/www.futboltotal.com.mx\/milagro-necesita-chivas-clasificar-a-la-liguilla\/2017\/10\/\" target=\"_blank\" rel=\"noopener\"><span style=\"color: #333399;\">VER M\u00c1S: \u00bfQu\u00e9 milagro necesita Chivas para calificar a la Liguilla?<\/span><\/a><\/p>\n<p>El defensa del cuadro tapat\u00edo destac\u00f3 la importancia de un duelo como el que vivir\u00e1n Am\u00e9rica y Chivas m\u00e1s all\u00e1 de que uno de los equipos llegue en un momento sumamente complicado.<\/p>\n<p>&#8220;Un cl\u00e1sico, lo sabemos, es especial sea la instancia que sea, sea <strong>Copa<\/strong> sea <strong>Liga<\/strong>, sea <strong>Liguilla<\/strong>, sea con un equipo bien o uno mal, es un partido diferente, donde se juegan m\u00e1s cosas que los puntos, enfocarlo as\u00ed, que a lo mejor por no estar bien va cambiar, eso creo que no.<\/p>\n<p>&#8220;Estamos pensando que cada partido tenemos que ganarlo pero conscientes que es un gran juego, es <b>Am\u00e9rica, <\/b>es el cl\u00e1sico, <b>Chivas<\/b> tiene que levantar y es un buen equipo al que vamos a enfrentar&#8221;, asegur\u00f3 el jugador.<\/p>\n<p>Asimismo, la idea de que Chivas salve o maquille el torneo que ha vivido en este Apertura 2017, pasando de ser <strong>campe\u00f3n<\/strong> en el <strong>Clausura 2017<\/strong> a ocupar los \u00faltimos puestos de la tabla general, si gana los partidos ante Am\u00e9rica y Atlas no es compartida por el plantel del <strong>Reba\u00f1o<\/strong> y as\u00ed lo dej\u00f3 en claro Alan\u00eds.<\/p>\n<p>&#8220;No me parece, es una forma de verlo pero no es nuestra manera. Es un gran juego, los cl\u00e1sicos se juegan a morir, los que estamos ah\u00ed sabemos la magnitud y vamos a darle la importancia que merece para cerrar bien el torneo. Hemos hecho un mal torneo, pero todav\u00eda tenemos partidos para sumar los m\u00e1s puntos posibles&#8221;, agreg\u00f3.<\/p>\n","protected":false},"excerpt":{"rendered":"<p>El defensa del Reba\u00f1o se crece de cara al duelo con las \u00c1guilas.<\/p>\n","protected":false},"author":154,"featured_media":504903,"comment_status":"closed","ping_status":"closed","sticky":false,"template":"","format":"standard","meta":[],"categories":[2198,3845],"tags":[1585,5959,8357,70,1158,3883,5963,64,2049,10616],"_links":{"self":[{"href":"http:\/\/desarrollo.grupomedios.com\/futbol\/wp-json\/wp\/v2\/posts\/504902"}],"collection":[{"href":"http:\/\/desarrollo.grupomedios.com\/futbol\/wp-json\/wp\/v2\/posts"}],"about":[{"href":"http:\/\/desarrollo.grupomedios.com\/futbol\/wp-json\/wp\/v2\/types\/post"}],"author":[{"embeddable":true,"href":"http:\/\/desarrollo.grupomedios.com\/futbol\/wp-json\/wp\/v2\/users\/154"}],"replies":[{"embeddable":true,"href":"http:\/\/desarrollo.grupomedios.com\/futbol\/wp-json\/wp\/v2\/comments?post=504902"}],"version-history":[{"count":1,"href":"http:\/\/desarrollo.grupomedios.com\/futbol\/wp-json\/wp\/v2\/posts\/504902\/revisions"}],"predecessor-version":[{"id":504907,"href":"http:\/\/desarrollo.grupomedios.com\/futbol\/wp-json\/wp\/v2\/posts\/504902\/revisions\/504907"}],"wp:featuredmedia":[{"embeddable":true,"href":"http:\/\/desarrollo.grupomedios.com\/futbol\/wp-json\/wp\/v2\/media\/504903"}],"wp:attachment":[{"href":"http:\/\/desarrollo.grupomedios.com\/futbol\/wp-json\/wp\/v2\/media?parent=504902"}],"wp:term":[{"taxonomy":"category","embeddable":true,"href":"http:\/\/desarrollo.grupomedios.com\/futbol\/wp-json\/wp\/v2\/categories?post=504902"},{"taxonomy":"post_tag","embeddable":true,"href":"http:\/\/desarrollo.grupomedios.com\/futbol\/wp-json\/wp\/v2\/tags?post=504902"}],"curies":[{"name":"wp","href":"https:\/\/api.w.org\/{rel}","templated":true}]}}