{"id":504906,"date":"2017-10-16T14:17:01","date_gmt":"2017-10-16T19:17:01","guid":{"rendered":"https:\/\/www.futboltotal.com.mx\/?p=504906"},"modified":"2017-10-16T14:21:58","modified_gmt":"2017-10-16T19:21:58","slug":"miguel-herrera-niega-acercamientos-la-seleccion-chile","status":"publish","type":"post","link":"http:\/\/desarrollo.grupomedios.com\/futbol\/futbol-mexicano\/miguel-herrera-niega-acercamientos-la-seleccion-chile\/2017\/10","title":{"rendered":"Miguel Herrera niega acercamientos con la Selecci\u00f3n de Chile"},"content":{"rendered":"<p>Luego del <span style=\"color: #3366ff;\"><a href=\"https:\/\/www.futboltotal.com.mx\/copa-mundial-2018\/brasil-3-chile-0-eliminatoria-conmebol-rusia-2018-resumen\/\">f<span style=\"color: #3366ff;\">racaso de Chile\u00a0<\/span><\/a><\/span>al no clasificar a la<strong> Copa del Mundo de Rusia 2018<\/strong>, la selecci\u00f3n sudamericana busca nuevo entrenador tras la salida de <strong>Juan Antonio Pizzi<\/strong> y otra vez han comenzado a surgir los rumores sobre <strong>Miguel Herrera<\/strong>.<\/p>\n<p>Tras la salida de <strong>Jorge Sampaoli<\/strong> de <strong>La Roja<\/strong>, <strong>el Piojo<\/strong> hab\u00eda confesado que los chilenos lo buscaron pero al final se decantaron por el argentino ya que <strong>Herrera<\/strong> ten\u00eda contrato con <strong>Xolos<\/strong>, y aunque ahora la situaci\u00f3n es la misma, el entrenador del <strong>Am\u00e9rica<\/strong> ha negado que lo hayan solicitado de nueva cuenta.<\/p>\n<p style=\"text-align: center;\"><span style=\"color: #3366ff;\"><a href=\"https:\/\/www.futboltotal.com.mx\/11-infame-la-jornada-13-del-apertura-2017\/2017\/10\/\">VER M\u00c1S: El 11 infame de la jornada 13 del Apertura 2017<\/a><\/span><\/p>\n<p>&#8220;No ha habido absolutamente nada de acercamiento, por el momento estoy muy contento en Am\u00e9rica&#8221;, coment\u00f3 el timonel de <strong>las \u00c1guilas<\/strong> en una entrevista telef\u00f3nica con la cadena <em>ESPN<\/em>.<\/p>\n<p>El <strong>Piojo Herrera<\/strong> podr\u00eda ser uno de los candidatos junto a <strong>Marcelo Gallardo<\/strong> de <strong>River Plate<\/strong>, <strong>Eduardo Berizzo<\/strong> del <strong>Sevilla<\/strong> y <strong>Manuel Pellegrini<\/strong> que dirige al <strong>Hebei China Fortune<\/strong>, por lo que el ex t\u00e9cnico de la <strong>Selecci\u00f3n Mexicana<\/strong> no le desagrada la idea.<\/p>\n<p>&#8220;Siempre me agrada dirigir selecciones. En este momento <strong>Chile<\/strong> no tiene<strong> Mundial<\/strong> y hay que ver el proceso. Nos encantar\u00eda estar bien dando resultados donde nos inviten a trabajar\u201d, coment\u00f3 Herrera.<\/p>\n<p>El motivo por el que no lleg\u00f3 el Piojo al tim\u00f3n de la Roja fueron sus altas pretensiones econ\u00f3micas y lo mucho que ped\u00eda Xolos para dejarlo ir.<\/p>\n<p style=\"text-align: center;\"><span style=\"color: #3366ff;\"><a href=\"https:\/\/www.futboltotal.com.mx\/milagro-necesita-chivas-clasificar-a-la-liguilla\/2017\/10\/\">VER M\u00c1S: \u00bfQu\u00e9 milagro necesita Chivas para clasificar a la Liguilla?<\/a><\/span><\/p>\n","protected":false},"excerpt":{"rendered":"<p>El Piojo ya hab\u00eda sido contactado antes de la llegada de Pizzi.<\/p>\n","protected":false},"author":20,"featured_media":504909,"comment_status":"closed","ping_status":"closed","sticky":false,"template":"","format":"standard","meta":[],"categories":[2198,3845],"tags":[5959,406,9216,4520,4814,64,6624,255,1125,6157,164,2232,49,1673],"_links":{"self":[{"href":"http:\/\/desarrollo.grupomedios.com\/futbol\/wp-json\/wp\/v2\/posts\/504906"}],"collection":[{"href":"http:\/\/desarrollo.grupomedios.com\/futbol\/wp-json\/wp\/v2\/posts"}],"about":[{"href":"http:\/\/desarrollo.grupomedios.com\/futbol\/wp-json\/wp\/v2\/types\/post"}],"author":[{"embeddable":true,"href":"http:\/\/desarrollo.grupomedios.com\/futbol\/wp-json\/wp\/v2\/users\/20"}],"replies":[{"embeddable":true,"href":"http:\/\/desarrollo.grupomedios.com\/futbol\/wp-json\/wp\/v2\/comments?post=504906"}],"version-history":[{"count":1,"href":"http:\/\/desarrollo.grupomedios.com\/futbol\/wp-json\/wp\/v2\/posts\/504906\/revisions"}],"predecessor-version":[{"id":504910,"href":"http:\/\/desarrollo.grupomedios.com\/futbol\/wp-json\/wp\/v2\/posts\/504906\/revisions\/504910"}],"wp:featuredmedia":[{"embeddable":true,"href":"http:\/\/desarrollo.grupomedios.com\/futbol\/wp-json\/wp\/v2\/media\/504909"}],"wp:attachment":[{"href":"http:\/\/desarrollo.grupomedios.com\/futbol\/wp-json\/wp\/v2\/media?parent=504906"}],"wp:term":[{"taxonomy":"category","embeddable":true,"href":"http:\/\/desarrollo.grupomedios.com\/futbol\/wp-json\/wp\/v2\/categories?post=504906"},{"taxonomy":"post_tag","embeddable":true,"href":"http:\/\/desarrollo.grupomedios.com\/futbol\/wp-json\/wp\/v2\/tags?post=504906"}],"curies":[{"name":"wp","href":"https:\/\/api.w.org\/{rel}","templated":true}]}}