{"id":504936,"date":"2017-10-16T16:53:04","date_gmt":"2017-10-16T21:53:04","guid":{"rendered":"https:\/\/www.futboltotal.com.mx\/?p=504936"},"modified":"2017-10-17T00:18:53","modified_gmt":"2017-10-17T05:18:53","slug":"liga-mx-define-sanciones-rodolfo-pizarro-gonzalo-jara","status":"publish","type":"post","link":"http:\/\/desarrollo.grupomedios.com\/futbol\/destacado-home\/liga-mx-define-sanciones-rodolfo-pizarro-gonzalo-jara\/2017\/10","title":{"rendered":"Liga MX define sanciones para Rodolfo Pizarro y Franco Jara"},"content":{"rendered":"<p>La <strong>Liga MX<\/strong> tuvo en su <strong>Jornada 13<\/strong> del <strong>Apertura 2017<\/strong> una de las m\u00e1s castigadas en lo que va del certamen, pues la <strong>Comisi\u00f3n Disciplinaria<\/strong> ha dado el reporte de las sanciones que tendr\u00e1n los jugadores que fueron suspendidos el fin de semana.<\/p>\n<p>Dentro de los futbolistas que fueron expulsados el fin de semana, destaca el jugador de <strong>Chivas<\/strong>, <strong>Rodolfo Pizarro<\/strong>, quien solo fue suspendido un partido luego del golpe que le dio al jugador de <strong>Morelia<\/strong>, <strong>Diego V\u00e1ldez<\/strong>. Para su mala fortuna, el jugador del Reba\u00f1o no estar\u00e1 en el <strong>Cl\u00e1sico Nacional<\/strong> ante <strong>Am\u00e9rica<\/strong> por &#8220;conducta violenta&#8221;.<\/p>\n<p style=\"text-align: center;\"><span style=\"color: #3366ff;\"><a href=\"https:\/\/www.futboltotal.com.mx\/milagro-necesita-chivas-clasificar-a-la-liguilla\/2017\/10\/\">VER M\u00c1S: \u00bfQu\u00e9 milagro necesita Chivas para clasificar a la Liguilla?<\/a><\/span><\/p>\n<p>Quien sali\u00f3 m\u00e1s perjudicado fue<strong> Gonzalo Jara,<\/strong> de <strong>Pachuca<\/strong>. El delantero de los <strong>Tuzos<\/strong> se ir\u00e1 suspendido dos encuentros luego de la patada que tir\u00f3 a<strong> C\u00e9sar Montes<\/strong> y despu\u00e9s encarar al \u00e1rbitro tras ser expulsado.<\/p>\n<p>Asimismo, <strong>Jorge Torres Nilo<\/strong> de <strong>Tigres<\/strong>, <strong>Adri\u00e1n Aldrete<\/strong> de <strong>Cruz Azul<\/strong>, <strong>C\u00e9sar Cercado<\/strong> de <strong>Lobos BUAP<\/strong> y <strong>Diego Ch\u00e1vez<\/strong> de <strong>Veracruz<\/strong> no jugar\u00e1n esta <strong>Jornada 10<\/strong> por irse suspendidos un juego por tarjeta roja. Por su parte, <strong>Dami\u00e1n Musto<\/strong> de <strong>Xolos <\/strong>y <strong>Edgar M\u00e9ndez<\/strong> de <strong>Cruz Azul<\/strong>, se perder\u00e1n el encuentro por acumular 5 tarjetas amarillas.<\/p>\n<blockquote class=\"twitter-tweet\" data-width=\"500\">\n<p lang=\"es\" dir=\"ltr\"><a href=\"https:\/\/twitter.com\/hashtag\/NOTA?src=hash&amp;ref_src=twsrc%5Etfw\">#NOTA<\/a>. Reporte Disciplinario de la Jornada 13 <a href=\"https:\/\/t.co\/w97viMHXAg\">https:\/\/t.co\/w97viMHXAg<\/a> <a href=\"https:\/\/twitter.com\/hashtag\/TuVidaNoEsUnJuego?src=hash&amp;ref_src=twsrc%5Etfw\">#TuVidaNoEsUnJuego<\/a><\/p>\n<p>&mdash; LIGA Bancomer MX (@LIGABancomerMX) <a href=\"https:\/\/twitter.com\/LIGABancomerMX\/status\/920028731925819393?ref_src=twsrc%5Etfw\">October 16, 2017<\/a><\/p><\/blockquote>\n<p><script async src=\"\/\/platform.twitter.com\/widgets.js\" charset=\"utf-8\"><\/script><\/p>\n","protected":false},"excerpt":{"rendered":"<p>Conoce cu\u00e1ntos partidos se ir\u00e1n los futbolistas.<\/p>\n","protected":false},"author":20,"featured_media":504940,"comment_status":"closed","ping_status":"closed","sticky":false,"template":"","format":"standard","meta":[],"categories":[5,2198,3845],"tags":[8357,70,5656,64,4908],"_links":{"self":[{"href":"http:\/\/desarrollo.grupomedios.com\/futbol\/wp-json\/wp\/v2\/posts\/504936"}],"collection":[{"href":"http:\/\/desarrollo.grupomedios.com\/futbol\/wp-json\/wp\/v2\/posts"}],"about":[{"href":"http:\/\/desarrollo.grupomedios.com\/futbol\/wp-json\/wp\/v2\/types\/post"}],"author":[{"embeddable":true,"href":"http:\/\/desarrollo.grupomedios.com\/futbol\/wp-json\/wp\/v2\/users\/20"}],"replies":[{"embeddable":true,"href":"http:\/\/desarrollo.grupomedios.com\/futbol\/wp-json\/wp\/v2\/comments?post=504936"}],"version-history":[{"count":2,"href":"http:\/\/desarrollo.grupomedios.com\/futbol\/wp-json\/wp\/v2\/posts\/504936\/revisions"}],"predecessor-version":[{"id":505010,"href":"http:\/\/desarrollo.grupomedios.com\/futbol\/wp-json\/wp\/v2\/posts\/504936\/revisions\/505010"}],"wp:featuredmedia":[{"embeddable":true,"href":"http:\/\/desarrollo.grupomedios.com\/futbol\/wp-json\/wp\/v2\/media\/504940"}],"wp:attachment":[{"href":"http:\/\/desarrollo.grupomedios.com\/futbol\/wp-json\/wp\/v2\/media?parent=504936"}],"wp:term":[{"taxonomy":"category","embeddable":true,"href":"http:\/\/desarrollo.grupomedios.com\/futbol\/wp-json\/wp\/v2\/categories?post=504936"},{"taxonomy":"post_tag","embeddable":true,"href":"http:\/\/desarrollo.grupomedios.com\/futbol\/wp-json\/wp\/v2\/tags?post=504936"}],"curies":[{"name":"wp","href":"https:\/\/api.w.org\/{rel}","templated":true}]}}