{"id":504963,"date":"2017-10-16T19:02:12","date_gmt":"2017-10-17T00:02:12","guid":{"rendered":"https:\/\/www.futboltotal.com.mx\/?p=504963"},"modified":"2017-10-16T19:02:12","modified_gmt":"2017-10-17T00:02:12","slug":"mexico-confirma-fechas-enfrentar-a-belgica-polonia","status":"publish","type":"post","link":"http:\/\/desarrollo.grupomedios.com\/futbol\/futbol-mexicano\/mexico-confirma-fechas-enfrentar-a-belgica-polonia\/2017\/10","title":{"rendered":"M\u00e9xico confirma fechas para enfrentar a B\u00e9lgica y Polonia"},"content":{"rendered":"<p>La <strong>Selecci\u00f3n Mexicana<\/strong> ha confirmado que iniciar\u00e1 su preparaci\u00f3n rumbo al <strong>Mundial de Rusia 2018<\/strong> el pr\u00f3ximo mes de noviembre cuando enfrente a <strong>B\u00e9lgica<\/strong> y <strong>Polonia<\/strong>, que ser\u00e1n cabezas de serie del pr\u00f3ximo certamen veraniego.<\/p>\n<p>Ser\u00e1 el el pr\u00f3ximo viernes 10 de noviembre cuando a las 13:45 hrs. el <strong>Tri<\/strong> enfrente a los <strong>Diablos Rojos<\/strong> en el <strong>Estadio Rey Balduino<\/strong> de Bruselas. Por su parte, el segundo rival de <strong>M\u00e9xico<\/strong> ser\u00e1 <strong>Polonia<\/strong> y se enfrentar\u00e1n el 13 de noviembre en la <strong>Arena Gda\u0144sk<\/strong> a la misma hora que ante los belgas.<\/p>\n<p style=\"text-align: center;\"><span style=\"color: #3366ff;\"><a href=\"https:\/\/www.futboltotal.com.mx\/mexico-enfrentaria-a-campeon-del-mundo-previo-al-mundial\/2017\/10\/\">VER M\u00c1S: M\u00e9xico enfrentar\u00eda a un Campe\u00f3n del Mundo previo al Mundial<\/a><\/span><\/p>\n<p>B\u00e9lgica y Polonia, en la actualidad ocupan los lugares 5 y 6 del <strong>Ranking Mundial de la FIFA<\/strong> respectivamente, y que ser\u00e1n cabezas de serie del Mundial a celebrarse del 14 de junio y el 15 de julio del siguiente a\u00f1o.<\/p>\n<p>Con dichos encuentros, el equipo que dirige <strong>Juan Carlos Osorio<\/strong> comenzar\u00e1 oficialmente su preparaci\u00f3n para la Copa Mundial de la FIFA Rusia 2018, escribi\u00f3 en un comunicado la Selecci\u00f3n Mexicana.<\/p>\n<blockquote class=\"twitter-tweet\" data-data-dnt=\"true\">\n<p lang=\"es\" dir=\"ltr\">\ud83d\udcc4 | NOTA | Contra rivales \ud83d\udd1d 10 del Mundo, inicia nuestra preparaci\u00f3n rumbo a <a href=\"https:\/\/twitter.com\/hashtag\/Rusia2018?src=hash&amp;ref_src=twsrc%5Etfw\">#Rusia2018<\/a>.<\/p>\n<p>\ud83d\udc49\ud83c\udffc <a href=\"https:\/\/t.co\/rzZkx1oVw2\">https:\/\/t.co\/rzZkx1oVw2<\/a><a href=\"https:\/\/twitter.com\/hashtag\/Pasi%C3%B3nyOrgullo?src=hash&amp;ref_src=twsrc%5Etfw\">#Pasi\u00f3nyOrgullo<\/a> <a href=\"https:\/\/t.co\/Vvw1RyfYeR\">pic.twitter.com\/Vvw1RyfYeR<\/a><\/p>\n<p>&mdash; Selecci\u00f3n Nacional (@miseleccionmx) <a href=\"https:\/\/twitter.com\/miseleccionmx\/status\/919974359367688192?ref_src=twsrc%5Etfw\">October 16, 2017<\/a><\/p><\/blockquote>\n<p><script async src=\"https:\/\/platform.twitter.com\/widgets.js\" charset=\"utf-8\"><\/script><\/p>\n","protected":false},"excerpt":{"rendered":"<p>El TRI ya comienza su preparaci\u00f3n para la Copa del Mundo de Rusia 2018.<\/p>\n","protected":false},"author":129,"featured_media":504285,"comment_status":"closed","ping_status":"closed","sticky":false,"template":"","format":"standard","meta":[],"categories":[2198,3847],"tags":[599,2763,65,5829,1296],"_links":{"self":[{"href":"http:\/\/desarrollo.grupomedios.com\/futbol\/wp-json\/wp\/v2\/posts\/504963"}],"collection":[{"href":"http:\/\/desarrollo.grupomedios.com\/futbol\/wp-json\/wp\/v2\/posts"}],"about":[{"href":"http:\/\/desarrollo.grupomedios.com\/futbol\/wp-json\/wp\/v2\/types\/post"}],"author":[{"embeddable":true,"href":"http:\/\/desarrollo.grupomedios.com\/futbol\/wp-json\/wp\/v2\/users\/129"}],"replies":[{"embeddable":true,"href":"http:\/\/desarrollo.grupomedios.com\/futbol\/wp-json\/wp\/v2\/comments?post=504963"}],"version-history":[{"count":1,"href":"http:\/\/desarrollo.grupomedios.com\/futbol\/wp-json\/wp\/v2\/posts\/504963\/revisions"}],"predecessor-version":[{"id":504964,"href":"http:\/\/desarrollo.grupomedios.com\/futbol\/wp-json\/wp\/v2\/posts\/504963\/revisions\/504964"}],"wp:featuredmedia":[{"embeddable":true,"href":"http:\/\/desarrollo.grupomedios.com\/futbol\/wp-json\/wp\/v2\/media\/504285"}],"wp:attachment":[{"href":"http:\/\/desarrollo.grupomedios.com\/futbol\/wp-json\/wp\/v2\/media?parent=504963"}],"wp:term":[{"taxonomy":"category","embeddable":true,"href":"http:\/\/desarrollo.grupomedios.com\/futbol\/wp-json\/wp\/v2\/categories?post=504963"},{"taxonomy":"post_tag","embeddable":true,"href":"http:\/\/desarrollo.grupomedios.com\/futbol\/wp-json\/wp\/v2\/tags?post=504963"}],"curies":[{"name":"wp","href":"https:\/\/api.w.org\/{rel}","templated":true}]}}