{"id":504972,"date":"2017-10-17T16:45:18","date_gmt":"2017-10-17T21:45:18","guid":{"rendered":"https:\/\/www.futboltotal.com.mx\/?p=504972"},"modified":"2017-10-17T23:50:11","modified_gmt":"2017-10-18T04:50:11","slug":"queretaro-vs-cruz-azul-liga-mx-en-vivo-minuto-a-minuto","status":"publish","type":"post","link":"http:\/\/desarrollo.grupomedios.com\/futbol\/futbol-mexicano\/queretaro-vs-cruz-azul-liga-mx-en-vivo-minuto-a-minuto\/2017\/10","title":{"rendered":"Quer\u00e9taro vs Cruz Azul | Liga MX | EN VIVO: Minuto a minuto"},"content":{"rendered":"<p><strong>Quer\u00e9taro vs Cruz Azul<\/strong> jugar\u00e1n este martes 17 de octubre a las 21:00 h en la cancha del <strong>estadio Corregidora<\/strong> en un partido correspondiente a la <strong>Jornada 10<\/strong> del torneo de<strong> Apertura 2017 de la Liga MX<\/strong>.<\/p>\n<iframe src=\"https:\/\/en-vivo.futboltotal.com.mx\/embed.php\/?id=348\" width=\"100%\" id=\"frame_minuto\"><\/iframe>\n<p>Los <strong>Gallos Blancos<\/strong> vienen de empatar como visitantes ante el Puebla y evitaron otra semana m\u00e1s el cese de <strong>Jaime Lozano<\/strong> de la direcci\u00f3n t\u00e9cnica del conjunto queretano, pues semanas anteriores tambi\u00e9n hab\u00edan rescatado el empate ante <strong>Rayados<\/strong>.<\/p>\n<p>Por su parte, <strong>La M\u00e1quina<\/strong> viene dolida debido a la dolorosa ca\u00edda que tuvo en el <strong>Cl\u00e1sico Joven<\/strong> ante el <strong>Am\u00e9rica<\/strong>, por lo que los de <strong>Paco J\u00e9mez<\/strong> buscar\u00e1n revertir la situaci\u00f3n r\u00e1pidamente para no perder m\u00e1s puntos y caer de la Tabla General, donde actualmente se encuentran en la s\u00e9ptima posici\u00f3n con 18 puntos.<\/p>\n<p>La \u00faltima vez que se enfrentaron Quer\u00e9taro y Cruz Azul fue en la <strong>Copa MX<\/strong> del torneo de <strong>Clausura 2017<\/strong>, donde los cementeros lograron una goleada de 3-0 en la cancha del estadio Azul. Asimismo, en la Liga MX el conjunto de Gallos Blancos sali\u00f3 con un empate de la Ciudad de M\u00e9xico.<\/p>\n<p><strong>Posibles alineaciones.<\/strong><\/p>\n<p><strong>Quer\u00e9taro:<\/strong> Volpi, Mart\u00ednez, Borsntein, P\u00e9rez, Guemez, Arellano, Noriega, Candelo, G\u00f3mez, Cortizo y Villa.<\/p>\n<p>T\u00e9cnico: Jaime Lozano<\/p>\n<p><strong>Cruz Azul:<\/strong> Corona, Mendoza, Roco, Dom\u00ednguez, Silva, Pe\u00f1alba, Baca, Silva, M\u00e9ndez, Mena y Mora.<\/p>\n<p>T\u00e9cnico: Paco J\u00e9mez<\/p>\n","protected":false},"excerpt":{"rendered":"<p>Los Gallos reciben la visita de una M\u00e1quina herida tras perder el Cl\u00e1sico Joven.<\/p>\n","protected":false},"author":129,"featured_media":504973,"comment_status":"closed","ping_status":"closed","sticky":false,"template":"","format":"standard","meta":[],"categories":[2198,3845],"tags":[5962,64,5970,10640],"_links":{"self":[{"href":"http:\/\/desarrollo.grupomedios.com\/futbol\/wp-json\/wp\/v2\/posts\/504972"}],"collection":[{"href":"http:\/\/desarrollo.grupomedios.com\/futbol\/wp-json\/wp\/v2\/posts"}],"about":[{"href":"http:\/\/desarrollo.grupomedios.com\/futbol\/wp-json\/wp\/v2\/types\/post"}],"author":[{"embeddable":true,"href":"http:\/\/desarrollo.grupomedios.com\/futbol\/wp-json\/wp\/v2\/users\/129"}],"replies":[{"embeddable":true,"href":"http:\/\/desarrollo.grupomedios.com\/futbol\/wp-json\/wp\/v2\/comments?post=504972"}],"version-history":[{"count":4,"href":"http:\/\/desarrollo.grupomedios.com\/futbol\/wp-json\/wp\/v2\/posts\/504972\/revisions"}],"predecessor-version":[{"id":505052,"href":"http:\/\/desarrollo.grupomedios.com\/futbol\/wp-json\/wp\/v2\/posts\/504972\/revisions\/505052"}],"wp:featuredmedia":[{"embeddable":true,"href":"http:\/\/desarrollo.grupomedios.com\/futbol\/wp-json\/wp\/v2\/media\/504973"}],"wp:attachment":[{"href":"http:\/\/desarrollo.grupomedios.com\/futbol\/wp-json\/wp\/v2\/media?parent=504972"}],"wp:term":[{"taxonomy":"category","embeddable":true,"href":"http:\/\/desarrollo.grupomedios.com\/futbol\/wp-json\/wp\/v2\/categories?post=504972"},{"taxonomy":"post_tag","embeddable":true,"href":"http:\/\/desarrollo.grupomedios.com\/futbol\/wp-json\/wp\/v2\/tags?post=504972"}],"curies":[{"name":"wp","href":"https:\/\/api.w.org\/{rel}","templated":true}]}}