{"id":505011,"date":"2017-10-17T08:50:59","date_gmt":"2017-10-17T13:50:59","guid":{"rendered":"https:\/\/www.futboltotal.com.mx\/?p=505011"},"modified":"2017-10-17T08:50:59","modified_gmt":"2017-10-17T13:50:59","slug":"resultado-iran-2-mexico-1-mundial-sub-17-india-2017-octavos-final-cronica","status":"publish","type":"post","link":"http:\/\/desarrollo.grupomedios.com\/futbol\/destacado-home\/resultado-iran-2-mexico-1-mundial-sub-17-india-2017-octavos-final-cronica\/2017\/10","title":{"rendered":"M\u00e9xico cay\u00f3 ante Ir\u00e1n y se despide del Mundial Sub 17"},"content":{"rendered":"<p>La <strong>Selecci\u00f3n Mexicana Sub 17<\/strong> vio desvanecerse sus aspiraciones se seguir avanzando en el <strong>Mundial Sub 17<\/strong> que se disputa en <strong>India<\/strong>, esto al caer por <strong>2-1<\/strong> ante la escuadra de Ir\u00e1n en la ronda de <strong>octavos de final<\/strong>.<\/p>\n<p>&nbsp;<\/p>\n<blockquote class=\"twitter-tweet\" data-lang=\"es\">\n<p dir=\"ltr\" lang=\"es\"><a href=\"https:\/\/twitter.com\/hashtag\/Sub17?src=hash&amp;ref_src=twsrc%5Etfw\">#Sub17<\/a> Termina el partido y nuestro camino en la Copa del Mundo. <a href=\"https:\/\/twitter.com\/VisaMX?ref_src=twsrc%5Etfw\">@VisaMX<\/a> presenta el Marcador Final:<a href=\"https:\/\/twitter.com\/hashtag\/Pasi%C3%B3nyOrgullo?src=hash&amp;ref_src=twsrc%5Etfw\">#Pasi\u00f3nyOrgullo<\/a> | <a href=\"https:\/\/twitter.com\/hashtag\/FIFAU17WC?src=hash&amp;ref_src=twsrc%5Etfw\">#FIFAU17WC<\/a> <a href=\"https:\/\/t.co\/gQcOQ1tYIa\">pic.twitter.com\/gQcOQ1tYIa<\/a><\/p>\n<p>\u2014 Selecci\u00f3n Nacional (@miseleccionmx) <a href=\"https:\/\/twitter.com\/miseleccionmx\/status\/920279590609633281?ref_src=twsrc%5Etfw\">17 de octubre de 2017<\/a><\/p><\/blockquote>\n<p><script async src=\"\/\/platform.twitter.com\/widgets.js\" charset=\"utf-8\"><\/script><\/p>\n<p>El conjunto de <strong>M\u00e9xico<\/strong>, dirigido por <strong>Mario Arteaga<\/strong>, se vio abajo en el marcador apenas al minuto 7, cuando por la v\u00eda de un penalti infantil cometido por los aztecas\u00a0<strong><span class=\"hidden-xxs\" data-type=\"full\">Mohamad<\/span> Sharifi<\/strong> adelant\u00f3 al equipo iran\u00ed, que hasta antes de este partido hab\u00eda mostrado un paso arrollador en fase de grupos.<\/p>\n<p><iframe loading=\"lazy\" src=\"https:\/\/www.youtube.com\/embed\/bU6GFnfkvPE\" frameborder=\"0\" allowfullscreen=\"allowfullscreen\"><\/iframe><\/p>\n<p>S\u00f3lo cuatro minutos m\u00e1s tarde la diferencia se ampli\u00f3, ahora con el gol de\u00a0<strong><span class=\"hidden-xxs\" data-type=\"full\">Allahyar<\/span> Sayyad<\/strong> tras fallo defensivo y definici\u00f3n picando el bal\u00f3n al portero, lo que aparentemente luc\u00eda como el inicio de una goleada en contra del cuadro mexicano.<\/p>\n<p><iframe loading=\"lazy\" src=\"https:\/\/www.youtube.com\/embed\/ZrE7w21HruI\" frameborder=\"0\" allowfullscreen=\"allowfullscreen\"><\/iframe><\/p>\n<p>Pero antes de que concluyera la segunda parte, la reacci\u00f3n azteca lleg\u00f3 por conducto de\u00a0<strong><span class=\"hidden-xxs\" data-type=\"full\">Roberto<\/span> de la Rosa<\/strong>, el canterano del <strong>Pachuca<\/strong> que tom\u00f3 un rechace dentro del \u00e1rea y luego de quitarse la marca de un defensor sac\u00f3 disparo cruzado con el que dej\u00f3 sin oportunidad al arquero iran\u00ed.<\/p>\n<p><iframe loading=\"lazy\" src=\"https:\/\/www.youtube.com\/embed\/2PfGxIBGytM\" frameborder=\"0\" allowfullscreen=\"allowfullscreen\"><\/iframe><\/p>\n<p>De este modo, <strong>Diego Lainez<\/strong> y el resto del <strong>Tri Sub 17<\/strong> dijo adi\u00f3s al Mundial para que Ir\u00e1n se cite en cuartos de final con <strong>Espa\u00f1a<\/strong>, que venci\u00f3 a <strong>Francia<\/strong> por otro resultado de 2-1.<\/p>\n<p><em><strong>POR: STAFF FT<\/strong><\/em><\/p>\n","protected":false},"excerpt":{"rendered":"<p>El Tri Sub 17 dijo adi\u00f3s al Mundial de la categor\u00eda ante uno de los favoritos al t\u00edtulo.<\/p>\n","protected":false},"author":154,"featured_media":505012,"comment_status":"closed","ping_status":"closed","sticky":false,"template":"","format":"standard","meta":[],"categories":[5,2198,3847],"tags":[10647,10553,1012,65,10648,3004,10554,409],"_links":{"self":[{"href":"http:\/\/desarrollo.grupomedios.com\/futbol\/wp-json\/wp\/v2\/posts\/505011"}],"collection":[{"href":"http:\/\/desarrollo.grupomedios.com\/futbol\/wp-json\/wp\/v2\/posts"}],"about":[{"href":"http:\/\/desarrollo.grupomedios.com\/futbol\/wp-json\/wp\/v2\/types\/post"}],"author":[{"embeddable":true,"href":"http:\/\/desarrollo.grupomedios.com\/futbol\/wp-json\/wp\/v2\/users\/154"}],"replies":[{"embeddable":true,"href":"http:\/\/desarrollo.grupomedios.com\/futbol\/wp-json\/wp\/v2\/comments?post=505011"}],"version-history":[{"count":1,"href":"http:\/\/desarrollo.grupomedios.com\/futbol\/wp-json\/wp\/v2\/posts\/505011\/revisions"}],"predecessor-version":[{"id":505014,"href":"http:\/\/desarrollo.grupomedios.com\/futbol\/wp-json\/wp\/v2\/posts\/505011\/revisions\/505014"}],"wp:featuredmedia":[{"embeddable":true,"href":"http:\/\/desarrollo.grupomedios.com\/futbol\/wp-json\/wp\/v2\/media\/505012"}],"wp:attachment":[{"href":"http:\/\/desarrollo.grupomedios.com\/futbol\/wp-json\/wp\/v2\/media?parent=505011"}],"wp:term":[{"taxonomy":"category","embeddable":true,"href":"http:\/\/desarrollo.grupomedios.com\/futbol\/wp-json\/wp\/v2\/categories?post=505011"},{"taxonomy":"post_tag","embeddable":true,"href":"http:\/\/desarrollo.grupomedios.com\/futbol\/wp-json\/wp\/v2\/tags?post=505011"}],"curies":[{"name":"wp","href":"https:\/\/api.w.org\/{rel}","templated":true}]}}