{"id":505031,"date":"2017-10-17T09:56:00","date_gmt":"2017-10-17T14:56:00","guid":{"rendered":"https:\/\/www.futboltotal.com.mx\/?p=505031"},"modified":"2017-10-17T09:56:00","modified_gmt":"2017-10-17T14:56:00","slug":"barcelona-ya-tendria-a-proximo-sergio-busquets","status":"publish","type":"post","link":"http:\/\/desarrollo.grupomedios.com\/futbol\/futbol-internacional\/barcelona-ya-tendria-a-proximo-sergio-busquets\/2017\/10","title":{"rendered":"Barcelona ya tendr\u00eda a su pr\u00f3ximo Sergio Busquets"},"content":{"rendered":"<p><strong>Barcelona<\/strong> ya tendr\u00eda en la mira al jugador que en un futuro ser\u00eda el sustituto ideal para <strong>Sergio Busquets<\/strong>, que ha pesar de no estar fuera del equipo o en miras de marcharse, se espera que en todo caso, se un acompa\u00f1ante para el espa\u00f1ol, pues en la entidad cul\u00e9 creen que no hay un jugador similar en su plantilla.<\/p>\n<p>Sus miradas se han situado en el mediocampista del\u00a0<strong>Borussia de Dortmund<\/strong>,\u00a0<strong>Julian Weigl,\u00a0<\/strong>de 22 a\u00f1os, quien en este semestre no ha visto mucha actividad en su equipo, luego que la temporada pasada fuera un indiscutible jugando 46 partidos; sin embargo, su calidad ha quedado de manifiesto y es uno de los futbolistas m\u00e1s cotizados en el mercado de Europa.<\/p>\n<p style=\"text-align: center;\"><a href=\"https:\/\/www.futboltotal.com.mx\/neymar-recibiria-3-millones-euros-gana-balon-oro\/2017\/10\/\" target=\"_blank\" rel=\"noopener\">VER M\u00c1S: Neymar recibir\u00e1 millonaria prima de PSG si gana Bal\u00f3n de Oro<\/a><\/p>\n<p>Por ello la entidad <strong>cul\u00e9<\/strong> se ha manifestado como uno de los favoritos para hacerse con sus servicios; las cualidades que llaman la atenci\u00f3n son su juventud, manejo de bal\u00f3n, visi\u00f3n de juego y un buen f\u00edsico, pues est\u00e1n pensando que recupere los balones y sea el primer pase de salida, de acuerdo a\u00a0<em>TuttoMercato<\/em>.<\/p>\n<p>Sin embargo, el primer obst\u00e1culo que tendr\u00edan los blaugranas es que no ha sido al \u00fanico equipo que ha puesto su mirada en el mediocampista alem\u00e1n; tanto <strong>Juventus<\/strong> como <strong>Manchester City<\/strong> se han apuntado para hacerse con sus servicios en un futuro no muy lejano.<\/p>\n<p><iframe loading=\"lazy\" src=\"https:\/\/www.youtube.com\/embed\/tryBmFQjVCQ?feature=oembed\" frameborder=\"0\" allowfullscreen><\/iframe><\/p>\n<p><em><strong>POR: STAFF FT<\/strong><\/em><\/p>\n<p style=\"text-align: center;\"><a href=\"https:\/\/www.futboltotal.com.mx\/copa-mundial-2018\/suecia-vs-italia-listos-repechajes-uefa-rusia-2018\/\" target=\"_blank\" rel=\"noopener\">VER M\u00c1S: Listos repechajes de UEFA para Rusia 2018<\/a><\/p>\n","protected":false},"excerpt":{"rendered":"<p>El mediocampista alem\u00e1n ha comenzado a acaparar las miradas<\/p>\n","protected":false},"author":159,"featured_media":505032,"comment_status":"closed","ping_status":"closed","sticky":false,"template":"","format":"standard","meta":[],"categories":[7740,3839],"tags":[5984,6047,10351,6031],"_links":{"self":[{"href":"http:\/\/desarrollo.grupomedios.com\/futbol\/wp-json\/wp\/v2\/posts\/505031"}],"collection":[{"href":"http:\/\/desarrollo.grupomedios.com\/futbol\/wp-json\/wp\/v2\/posts"}],"about":[{"href":"http:\/\/desarrollo.grupomedios.com\/futbol\/wp-json\/wp\/v2\/types\/post"}],"author":[{"embeddable":true,"href":"http:\/\/desarrollo.grupomedios.com\/futbol\/wp-json\/wp\/v2\/users\/159"}],"replies":[{"embeddable":true,"href":"http:\/\/desarrollo.grupomedios.com\/futbol\/wp-json\/wp\/v2\/comments?post=505031"}],"version-history":[{"count":1,"href":"http:\/\/desarrollo.grupomedios.com\/futbol\/wp-json\/wp\/v2\/posts\/505031\/revisions"}],"predecessor-version":[{"id":505033,"href":"http:\/\/desarrollo.grupomedios.com\/futbol\/wp-json\/wp\/v2\/posts\/505031\/revisions\/505033"}],"wp:featuredmedia":[{"embeddable":true,"href":"http:\/\/desarrollo.grupomedios.com\/futbol\/wp-json\/wp\/v2\/media\/505032"}],"wp:attachment":[{"href":"http:\/\/desarrollo.grupomedios.com\/futbol\/wp-json\/wp\/v2\/media?parent=505031"}],"wp:term":[{"taxonomy":"category","embeddable":true,"href":"http:\/\/desarrollo.grupomedios.com\/futbol\/wp-json\/wp\/v2\/categories?post=505031"},{"taxonomy":"post_tag","embeddable":true,"href":"http:\/\/desarrollo.grupomedios.com\/futbol\/wp-json\/wp\/v2\/tags?post=505031"}],"curies":[{"name":"wp","href":"https:\/\/api.w.org\/{rel}","templated":true}]}}