{"id":505034,"date":"2017-10-17T10:10:39","date_gmt":"2017-10-17T15:10:39","guid":{"rendered":"https:\/\/www.futboltotal.com.mx\/?p=505034"},"modified":"2017-10-17T10:34:43","modified_gmt":"2017-10-17T15:34:43","slug":"piojo-herrera-lo-confiesa-era-antiamericanista","status":"publish","type":"post","link":"http:\/\/desarrollo.grupomedios.com\/futbol\/futbol-mexicano\/piojo-herrera-lo-confiesa-era-antiamericanista\/2017\/10","title":{"rendered":"Piojo Herrera lo confiesa: &#8220;yo era &#8216;antiamericanista'&#8221;"},"content":{"rendered":"<p>El estratega de las <strong>\u00c1guilas del Am\u00e9rica<\/strong>,\u00a0<b>Miguel Herrera,\u00a0<\/b>quien hoy en d\u00eda se ha ganado el cari\u00f1o de la afici\u00f3n luego de su primer paso por la instituci\u00f3n como estratega y hoy con una nueva oportunidad de dirigir a los azulcremas, confes\u00f3 que no siempre tuvo en alta estima por los de Coapa.<\/p>\n<p>El estratega indic\u00f3 que mientras dirig\u00eda al<strong> Atlante<\/strong>, equipo con el que estuvo en dos etapas 2003-2004 y 2010-2011, era <strong>&#8216;antiamericanista&#8217;<\/strong> pues los <strong>Potros<\/strong> era el club de sus amores cuando era un ni\u00f1o.<\/p>\n<p>\u201cEn ese momento s\u00ed (fue \u201cantiamericanista\u201d).\u00a0Con el Am\u00e9rica solamente <strong>lo amas o lo odias,<\/strong> no hay media tinta y cuando lo enfrentaba as\u00ed era,<strong> lo odiaba<\/strong>\u2026 Yo quer\u00eda ganarles porque es un equipo que viste m\u00e1s que ning\u00fan otro a los rivales\u201d, \u00a0indic\u00f3 el estratega en una entrevista para ESPN.<\/p>\n<p style=\"text-align: center;\"><a href=\"https:\/\/www.futboltotal.com.mx\/mexico-enfrentaria-a-campeon-del-mundo-previo-al-mundial\/2017\/10\/\" target=\"_blank\" rel=\"noopener\">VER M\u00c1S: M\u00e9xico enfrentar\u00e1 a Campe\u00f3n del Mundo previo a Rusia 2018<\/a><\/p>\n<p>&nbsp;<\/p>\n<p>Por otro lado, el <strong>Piojo\u00a0Herrera<\/strong> destac\u00f3, como ex estratega de la <strong>Selecci\u00f3n Mexicana<\/strong>, que el torneo m\u00e1s complicado de afrontar es la <strong>Copa Oro,<\/strong> pues el entorno siempre coloca al <strong>Tri <\/strong>como un candidato y obligado a llevarse el torneo; \u201ces un torneo que como aqu\u00ed les gusta, M\u00e9xico lo tiene que ganar.\u00a0Es el peor torneo para M\u00e9xico, es peor que la Copa del Mundo. El peor torneo para M\u00e9xico es la Copa Oro, no qued\u00e9 contento, nada contento por el funcionamiento.<\/p>\n<p>\u201cEl problema es que es un torneo que te obligan a ganar los medios, la gente y llegas con la presi\u00f3n de que tienes que ganar. Llegas a la final y si la pierdes es un fracaso rotundo\u201d, finaliz\u00f3.<\/p>\n<p><em><strong>POR: STAFF FT<\/strong><\/em><\/p>\n<p style=\"text-align: center;\"><a href=\"https:\/\/www.futboltotal.com.mx\/barcelona-ya-tendria-a-proximo-sergio-busquets\/2017\/10\/\" target=\"_blank\" rel=\"noopener\">VER M\u00c1S: Barcelona ya tendr\u00eda a su pr\u00f3ximo Sergio Busquets<\/a><\/p>\n<p>&nbsp;<\/p>\n","protected":false},"excerpt":{"rendered":"<p>El estratega no siempre tuvo en alta estima a los azulcremas<\/p>\n","protected":false},"author":159,"featured_media":504527,"comment_status":"closed","ping_status":"closed","sticky":false,"template":"","format":"standard","meta":[],"categories":[2198,3845],"tags":[5959,5960,64,255,6157],"_links":{"self":[{"href":"http:\/\/desarrollo.grupomedios.com\/futbol\/wp-json\/wp\/v2\/posts\/505034"}],"collection":[{"href":"http:\/\/desarrollo.grupomedios.com\/futbol\/wp-json\/wp\/v2\/posts"}],"about":[{"href":"http:\/\/desarrollo.grupomedios.com\/futbol\/wp-json\/wp\/v2\/types\/post"}],"author":[{"embeddable":true,"href":"http:\/\/desarrollo.grupomedios.com\/futbol\/wp-json\/wp\/v2\/users\/159"}],"replies":[{"embeddable":true,"href":"http:\/\/desarrollo.grupomedios.com\/futbol\/wp-json\/wp\/v2\/comments?post=505034"}],"version-history":[{"count":2,"href":"http:\/\/desarrollo.grupomedios.com\/futbol\/wp-json\/wp\/v2\/posts\/505034\/revisions"}],"predecessor-version":[{"id":505043,"href":"http:\/\/desarrollo.grupomedios.com\/futbol\/wp-json\/wp\/v2\/posts\/505034\/revisions\/505043"}],"wp:featuredmedia":[{"embeddable":true,"href":"http:\/\/desarrollo.grupomedios.com\/futbol\/wp-json\/wp\/v2\/media\/504527"}],"wp:attachment":[{"href":"http:\/\/desarrollo.grupomedios.com\/futbol\/wp-json\/wp\/v2\/media?parent=505034"}],"wp:term":[{"taxonomy":"category","embeddable":true,"href":"http:\/\/desarrollo.grupomedios.com\/futbol\/wp-json\/wp\/v2\/categories?post=505034"},{"taxonomy":"post_tag","embeddable":true,"href":"http:\/\/desarrollo.grupomedios.com\/futbol\/wp-json\/wp\/v2\/tags?post=505034"}],"curies":[{"name":"wp","href":"https:\/\/api.w.org\/{rel}","templated":true}]}}