{"id":505039,"date":"2017-10-17T10:48:00","date_gmt":"2017-10-17T15:48:00","guid":{"rendered":"https:\/\/www.futboltotal.com.mx\/?p=505039"},"modified":"2017-10-17T10:48:20","modified_gmt":"2017-10-17T15:48:20","slug":"matias-britos-hombre-extranado-pumas-leon","status":"publish","type":"post","link":"http:\/\/desarrollo.grupomedios.com\/futbol\/futbol-mexicano\/matias-britos-hombre-extranado-pumas-leon\/2017\/10","title":{"rendered":"Mat\u00edas Britos, el hombre m\u00e1s extra\u00f1ado por Pumas y Le\u00f3n"},"content":{"rendered":"<p>El delantero uruguayo, <strong>Mat\u00edas Britos<\/strong>, que jugaran en ambas escuadras;<strong> Le\u00f3n<\/strong> y <strong>Pumas<\/strong>, es un punto de uni\u00f3n entre ambos conjuntos, quienes tuvieron los mejores momentos de la carrera del atacante.<\/p>\n<p>En Le\u00f3n extra\u00f1an al acompa\u00f1ante perfecto de <strong>Mauro Boselli,<\/strong> quien a pesar de estar al frente en la tabla de goleo, necesita una pareja que haga el &#8216;trabajo sucio&#8217; del delantero, sobre todo de espaldas al arco. Adem\u00e1s que logr\u00f3 dos campeonatos de liga con los <strong>Panzas Verdes<\/strong>.<\/p>\n<p style=\"text-align: center;\"><a href=\"https:\/\/www.futboltotal.com.mx\/veracruz-visita-a-tigres-se-cumplira-la-amenaza-del-tuca\/2017\/10\/\" target=\"_blank\" rel=\"noopener\">VER M\u00c1S: Veracruz visitar\u00e1 a Tigres, \u00bfTuca Ferretti cumplir\u00e1 su amenaza?<\/a><\/p>\n<p>Por su parte, Pumas, en el fondo de la tabla definitivamente extra\u00f1a al delantero uruguayo quien se convirti\u00f3 en un referente de los universitarios; por su garra y entrega con el equipo. Adem\u00e1s de ser la constante con delanteros como<strong> Eduardo Herrera<\/strong> e <strong>Ismael Sosa,<\/strong> parec\u00eda que ser\u00eda la dupla ideal con <strong>Nicol\u00e1s Castillo<\/strong>.<\/p>\n<p>Hoy ha emigrado al futbol de los <strong>Emiratos \u00c1rabes Unidos<\/strong> con el <strong>Al Hilal<\/strong>, sin embargo, sin duda alguna sigue en la memoria de los aficionados de ambas escuadras, quienes seguramente querr\u00edan ver al delantero defendiendo los colores de su escuadra.<\/p>\n<p><img decoding=\"async\" loading=\"lazy\" class=\"wp-image-505042 size-full aligncenter\" src=\"https:\/\/www.futboltotal.com.mx\/wp-content\/uploads\/2017\/10\/Matias-Britos-Pumas-Leon.jpg\" alt=\"Mat\u00edas Britos, el hombre m\u00e1s extra\u00f1ado por Pumas y Le\u00f3n 0\" srcset=\"http:\/\/desarrollo.grupomedios.com\/futbol\/wp-content\/uploads\/2017\/10\/Matias-Britos-Pumas-Leon.jpg 858w, http:\/\/desarrollo.grupomedios.com\/futbol\/wp-content\/uploads\/2017\/10\/Matias-Britos-Pumas-Leon-218x300.jpg 218w, http:\/\/desarrollo.grupomedios.com\/futbol\/wp-content\/uploads\/2017\/10\/Matias-Britos-Pumas-Leon-768x1056.jpg 768w, http:\/\/desarrollo.grupomedios.com\/futbol\/wp-content\/uploads\/2017\/10\/Matias-Britos-Pumas-Leon-745x1024.jpg 745w\" sizes=\"(max-width: 858px) 100vw, 858px\" \/><\/p>\n<p><em><strong>POR: STAFF FT<\/strong><\/em><\/p>\n<p style=\"text-align: center;\"><a href=\"https:\/\/www.futboltotal.com.mx\/barcelona-ya-tendria-a-proximo-sergio-busquets\/2017\/10\/\" target=\"_blank\" rel=\"noopener\">VER M\u00c1S: Barcelona ya tendr\u00eda a su pr\u00f3ximo Sergio Busquets<\/a><\/p>\n","protected":false},"excerpt":{"rendered":"<p>Hoy en d\u00eda el delantero milita en el futbol de los Emiratos \u00c1rabes Unidos<\/p>\n","protected":false},"author":159,"featured_media":505047,"comment_status":"closed","ping_status":"closed","sticky":false,"template":"","format":"standard","meta":[],"categories":[7570,2198,3845],"tags":[9463,8357,5965,64,436,74],"_links":{"self":[{"href":"http:\/\/desarrollo.grupomedios.com\/futbol\/wp-json\/wp\/v2\/posts\/505039"}],"collection":[{"href":"http:\/\/desarrollo.grupomedios.com\/futbol\/wp-json\/wp\/v2\/posts"}],"about":[{"href":"http:\/\/desarrollo.grupomedios.com\/futbol\/wp-json\/wp\/v2\/types\/post"}],"author":[{"embeddable":true,"href":"http:\/\/desarrollo.grupomedios.com\/futbol\/wp-json\/wp\/v2\/users\/159"}],"replies":[{"embeddable":true,"href":"http:\/\/desarrollo.grupomedios.com\/futbol\/wp-json\/wp\/v2\/comments?post=505039"}],"version-history":[{"count":1,"href":"http:\/\/desarrollo.grupomedios.com\/futbol\/wp-json\/wp\/v2\/posts\/505039\/revisions"}],"predecessor-version":[{"id":505048,"href":"http:\/\/desarrollo.grupomedios.com\/futbol\/wp-json\/wp\/v2\/posts\/505039\/revisions\/505048"}],"wp:featuredmedia":[{"embeddable":true,"href":"http:\/\/desarrollo.grupomedios.com\/futbol\/wp-json\/wp\/v2\/media\/505047"}],"wp:attachment":[{"href":"http:\/\/desarrollo.grupomedios.com\/futbol\/wp-json\/wp\/v2\/media?parent=505039"}],"wp:term":[{"taxonomy":"category","embeddable":true,"href":"http:\/\/desarrollo.grupomedios.com\/futbol\/wp-json\/wp\/v2\/categories?post=505039"},{"taxonomy":"post_tag","embeddable":true,"href":"http:\/\/desarrollo.grupomedios.com\/futbol\/wp-json\/wp\/v2\/tags?post=505039"}],"curies":[{"name":"wp","href":"https:\/\/api.w.org\/{rel}","templated":true}]}}